{"id":6889,"date":"2025-07-24T16:46:27","date_gmt":"2025-07-24T20:46:27","guid":{"rendered":"https:\/\/suanoticiaaqui.com.br\/news\/?p=6889"},"modified":"2025-07-24T16:46:27","modified_gmt":"2025-07-24T20:46:27","slug":"apos-apreensao-de-8t-de-maconha-ficco-cumpre-mandados-em-dourados-e-campo-grande","status":"publish","type":"post","link":"https:\/\/suanoticiaaqui.com.br\/news\/2025\/07\/24\/apos-apreensao-de-8t-de-maconha-ficco-cumpre-mandados-em-dourados-e-campo-grande\/","title":{"rendered":"Ap\u00f3s apreens\u00e3o de 8t de maconha, Ficco cumpre mandados em Dourados e Campo Grande"},"content":{"rendered":"\n<ul class=\"wp-block-list\">\n<li>por Luiz Guilherme<\/li>\n<\/ul>\n\n\n\n<p>A Ficco (For\u00e7a Integrada de Combate ao Crime Organizado) em Mato Grosso do Sul, da PF (Pol\u00edcia Federal) cumpre nesta quinta-feira (24\/7), em Dourados e Campo Grande, dois mandados de pris\u00e3o preventiva e cinco de busca e apreens\u00e3o no \u00e2mbito da opera\u00e7\u00e3o \u201cCamp Over\u201d.<\/p>\n\n\n\n<p>Essa a\u00e7\u00e3o acontece ap\u00f3s apreens\u00e3o de oito toneladas de maconha ocorrida no fim de junho, em um acampamento clandestino localizado a 80 quil\u00f4metros da Capital.<\/p>\n\n\n\n<p>Com o aprofundamento das investiga\u00e7\u00f5es, foram colhidos elementos que identificaram dois indiv\u00edduos que teriam participado no transporte e armazenamento da droga apreendida.<\/p>\n\n\n\n<p>Durante as buscas, foram apreendidos aparelhos celulares, ve\u00edculos de luxo, dinheiro em esp\u00e9cie, droga, arma de fogo e documentos. Os investigados foram presos e encontram-se \u00e0 disposi\u00e7\u00e3o da justi\u00e7a.<\/p>\n\n\n\n<p><strong>Saiba mais<\/strong><\/p>\n\n\n\n<p>O nome da opera\u00e7\u00e3o, \u201cCamp Over\u201d, \u00e9 uma express\u00e3o em ingl\u00eas que pode ser livremente traduzida para \u201cfim do acampamento\u201d.<\/p>\n\n\n\n<figure class=\"wp-block-image\"><a class=\"gallery-item\" href=\"https:\/\/ligadonanoticia.com.br\/media\/editorjs\/whatsapp_image_2025_07_24_at_08_1753357999,7701.jpg\"><img decoding=\"async\" src=\"https:\/\/ligadonanoticia.com.br\/media\/editorjs\/whatsapp_image_2025_07_24_at_08_1753357999,7701.jpg\" alt=\"\"\/><\/a><\/figure>\n","protected":false},"excerpt":{"rendered":"<p>A Ficco (For\u00e7a Integrada de Combate ao Crime Organizado) em Mato Grosso do Sul, da PF (Pol\u00edcia Federal) cumpre nesta&hellip;<\/p>\n","protected":false},"author":1,"featured_media":6890,"comment_status":"open","ping_status":"open","sticky":false,"template":"","format":"standard","meta":{"footnotes":""},"categories":[1],"tags":[],"class_list":["post-6889","post","type-post","status-publish","format-standard","has-post-thumbnail","hentry","category-uncategorized"],"_links":{"self":[{"href":"https:\/\/suanoticiaaqui.com.br\/news\/wp-json\/wp\/v2\/posts\/6889","targetHints":{"allow":["GET"]}}],"collection":[{"href":"https:\/\/suanoticiaaqui.com.br\/news\/wp-json\/wp\/v2\/posts"}],"about":[{"href":"https:\/\/suanoticiaaqui.com.br\/news\/wp-json\/wp\/v2\/types\/post"}],"author":[{"embeddable":true,"href":"https:\/\/suanoticiaaqui.com.br\/news\/wp-json\/wp\/v2\/users\/1"}],"replies":[{"embeddable":true,"href":"https:\/\/suanoticiaaqui.com.br\/news\/wp-json\/wp\/v2\/comments?post=6889"}],"version-history":[{"count":1,"href":"https:\/\/suanoticiaaqui.com.br\/news\/wp-json\/wp\/v2\/posts\/6889\/revisions"}],"predecessor-version":[{"id":6891,"href":"https:\/\/suanoticiaaqui.com.br\/news\/wp-json\/wp\/v2\/posts\/6889\/revisions\/6891"}],"wp:featuredmedia":[{"embeddable":true,"href":"https:\/\/suanoticiaaqui.com.br\/news\/wp-json\/wp\/v2\/media\/6890"}],"wp:attachment":[{"href":"https:\/\/suanoticiaaqui.com.br\/news\/wp-json\/wp\/v2\/media?parent=6889"}],"wp:term":[{"taxonomy":"category","embeddable":true,"href":"https:\/\/suanoticiaaqui.com.br\/news\/wp-json\/wp\/v2\/categories?post=6889"},{"taxonomy":"post_tag","embeddable":true,"href":"https:\/\/suanoticiaaqui.com.br\/news\/wp-json\/wp\/v2\/tags?post=6889"}],"curies":[{"name":"wp","href":"https:\/\/api.w.org\/{rel}","templated":true}]}}