{"id":6892,"date":"2025-07-24T16:47:29","date_gmt":"2025-07-24T20:47:29","guid":{"rendered":"https:\/\/suanoticiaaqui.com.br\/news\/?p=6892"},"modified":"2025-07-24T16:47:29","modified_gmt":"2025-07-24T20:47:29","slug":"dourados-celebra-dia-mundial-da-agricultura-familiar-com-incentivo-a-producao-local","status":"publish","type":"post","link":"https:\/\/suanoticiaaqui.com.br\/news\/2025\/07\/24\/dourados-celebra-dia-mundial-da-agricultura-familiar-com-incentivo-a-producao-local\/","title":{"rendered":"Dourados celebra Dia Mundial da Agricultura Familiar com incentivo \u00e0 produ\u00e7\u00e3o local"},"content":{"rendered":"\n<ul class=\"wp-block-list\">\n<li>por Ligado na Noticia<\/li>\n<\/ul>\n\n\n\n<p>Nesta sexta-feira (25), Dourados celebra o Dia Mundial da Agricultura Familiar com a\u00e7\u00f5es de valoriza\u00e7\u00e3o aos mais de 600 pequenos produtores que movimentam o setor no munic\u00edpio. A data tamb\u00e9m marca o Dia Nacional do Agricultor e ser\u00e1 comemorada com um evento promovido pela Associa\u00e7\u00e3o dos Produtores Rurais da Agricultura Familiar do Guassuzinho (Apraf), em parceria com a Prefeitura, por meio da Secretaria Municipal de Agricultura Familiar (SEMAF). A cerim\u00f4nia ser\u00e1 realizada a partir das 9h30, na sede da Apraf, no S\u00edtio Nossa Senhora Aparecida, distrito de Vila Formosa.<\/p>\n\n\n\n<p>Para o secret\u00e1rio municipal de Agricultura Familiar, Bruno Pontim, a data \u00e9 um momento de reconhecimento \u00e0queles que garantem alimento na mesa de moradores da regi\u00e3o. \u201c\u00c9 uma forma de expressar gratid\u00e3o ao trabalho dos agricultores familiares, que com dedica\u00e7\u00e3o produzem o que consumimos no dia a dia, do plantio \u00e0 colheita e aos cuidados com os animais\u201d, destacou. A expectativa \u00e9 de reunir mais de 300 pessoas.<\/p>\n\n\n\n<p>O secret\u00e1rio destaca a\u00e7\u00f5es realizadas no primeiro semestre da gest\u00e3o do prefeito Mar\u00e7al Filho. Entre os avan\u00e7os, est\u00e1 a parceria com a Universidade Federal da Grande Dourados (UFGD), que permitiu a estrutura\u00e7\u00e3o de um espa\u00e7o adequado para o abate e processamento de peixes, beneficiando os piscicultores familiares, uma demanda aguardada h\u00e1 mais de 20 anos. O resultado j\u00e1 foi sentido na comercializa\u00e7\u00e3o: somente na Festa P\u00e1scoa deste ano, promovida pela prefeitura, no Parque Antenor Martins, foram vendidas cerca de 2,5 toneladas de pescado, incluindo produtos de agricultores tradicionais e quilombolas.<\/p>\n\n\n\n<p>Al\u00e9m disso, a secretaria estreitou la\u00e7os entre associa\u00e7\u00f5es de produtores e feirantes, estimulando a venda direta nas feiras da cidade. Outro foco tem sido a inclus\u00e3o de mais agricultores nos programas federais de apoio \u00e0 produ\u00e7\u00e3o, como o Programa Nacional de Alimenta\u00e7\u00e3o Escolar (Pnae), que destina alimentos \u00e0s escolas p\u00fablicas, e o Programa de Aquisi\u00e7\u00e3o de Alimentos (PAA), que abastece institui\u00e7\u00f5es e fam\u00edlias em situa\u00e7\u00e3o de vulnerabilidade.<\/p>\n\n\n\n<p>Segundo Pontim, hoje Dourados conta com aproximadamente 600 produtores da agricultura familiar, espalhados pelos distritos, al\u00e9m de cerca de 200 fam\u00edlias na Reserva Ind\u00edgena que produzem tanto para subsist\u00eancia quanto para os programas governamentais.<\/p>\n\n\n\n<p>No campo da infraestrutura, a secretaria intensificou a\u00e7\u00f5es de cascalhamento de estradas rurais em assentamentos como Amparo e Lagoa Grande (em Itahum), al\u00e9m de melhorias no Guassuzinho. Tamb\u00e9m foi feito o preparo do solo em \u00e1reas ind\u00edgenas (aldeias Jaguapiru e Boror\u00f3) e em ch\u00e1caras urbanas, periurbanas e rurais. Al\u00e9m do servi\u00e7o de mecaniza\u00e7\u00e3o agr\u00edcola com uso de tratores, a Secretaria de Agricultura Familiar tem fornecido mat\u00e9ria org\u00e2nica reciclada a partir da poda de \u00e1rvores urbanas, feitos no viveiro municipal.<\/p>\n\n\n\n<p>\u201cEsse material \u00e9 transformado em adubo e volta para as lavouras dos nossos agricultores\u201d, explicou Bruno Pontim. A Secretaria de Agricultura Familiar tamb\u00e9m tem realizado inspe\u00e7\u00f5es sanit\u00e1rias em estabelecimentos como frigor\u00edficos e oferecido atendimento na Sala da Cidadania, prestando suporte t\u00e9cnico e administrativo aos produtores.<\/p>\n","protected":false},"excerpt":{"rendered":"<p>Nesta sexta-feira (25), Dourados celebra o Dia Mundial da Agricultura Familiar com a\u00e7\u00f5es de valoriza\u00e7\u00e3o aos mais de 600 pequenos&hellip;<\/p>\n","protected":false},"author":1,"featured_media":6893,"comment_status":"open","ping_status":"open","sticky":false,"template":"","format":"standard","meta":{"footnotes":""},"categories":[1],"tags":[],"class_list":["post-6892","post","type-post","status-publish","format-standard","has-post-thumbnail","hentry","category-uncategorized"],"_links":{"self":[{"href":"https:\/\/suanoticiaaqui.com.br\/news\/wp-json\/wp\/v2\/posts\/6892","targetHints":{"allow":["GET"]}}],"collection":[{"href":"https:\/\/suanoticiaaqui.com.br\/news\/wp-json\/wp\/v2\/posts"}],"about":[{"href":"https:\/\/suanoticiaaqui.com.br\/news\/wp-json\/wp\/v2\/types\/post"}],"author":[{"embeddable":true,"href":"https:\/\/suanoticiaaqui.com.br\/news\/wp-json\/wp\/v2\/users\/1"}],"replies":[{"embeddable":true,"href":"https:\/\/suanoticiaaqui.com.br\/news\/wp-json\/wp\/v2\/comments?post=6892"}],"version-history":[{"count":1,"href":"https:\/\/suanoticiaaqui.com.br\/news\/wp-json\/wp\/v2\/posts\/6892\/revisions"}],"predecessor-version":[{"id":6894,"href":"https:\/\/suanoticiaaqui.com.br\/news\/wp-json\/wp\/v2\/posts\/6892\/revisions\/6894"}],"wp:featuredmedia":[{"embeddable":true,"href":"https:\/\/suanoticiaaqui.com.br\/news\/wp-json\/wp\/v2\/media\/6893"}],"wp:attachment":[{"href":"https:\/\/suanoticiaaqui.com.br\/news\/wp-json\/wp\/v2\/media?parent=6892"}],"wp:term":[{"taxonomy":"category","embeddable":true,"href":"https:\/\/suanoticiaaqui.com.br\/news\/wp-json\/wp\/v2\/categories?post=6892"},{"taxonomy":"post_tag","embeddable":true,"href":"https:\/\/suanoticiaaqui.com.br\/news\/wp-json\/wp\/v2\/tags?post=6892"}],"curies":[{"name":"wp","href":"https:\/\/api.w.org\/{rel}","templated":true}]}}