{"id":6898,"date":"2025-07-24T16:49:36","date_gmt":"2025-07-24T20:49:36","guid":{"rendered":"https:\/\/suanoticiaaqui.com.br\/news\/?p=6898"},"modified":"2025-07-24T16:49:36","modified_gmt":"2025-07-24T20:49:36","slug":"defesa-de-filipe-martins-pede-adiamento-e-isonomia-no-stf","status":"publish","type":"post","link":"https:\/\/suanoticiaaqui.com.br\/news\/2025\/07\/24\/defesa-de-filipe-martins-pede-adiamento-e-isonomia-no-stf\/","title":{"rendered":"Defesa de Filipe Martins pede adiamento e isonomia no STF"},"content":{"rendered":"\n<p>Advogados alegam menos tempo para analisar provas do n\u00facleo 2 e querem interrogat\u00f3rios presenciais<\/p>\n\n\n\n<ul class=\"wp-block-list\">\n<li><a href=\"https:\/\/bradockshow.com.br\/author\/marcotoledo\/\"><\/a>por <a href=\"https:\/\/bradockshow.com.br\/author\/marcotoledo\/\">Marco Toledo<\/a><\/li>\n<\/ul>\n\n\n\n<p>A defesa de Filipe Martins, ex-assessor de Jair Bolsonaro, solicitou ao STF o adiamento dos interrogat\u00f3rios dos r\u00e9us do chamado n\u00facleo 2 da tentativa de golpe de Estado, para que sejam realizados presencialmente, como no n\u00facleo 1.<\/p>\n\n\n\n<p>Os advogados argumentam que o grupo 1 teve sete dias para analisar depoimentos, enquanto o testemunho de Mauro Cid, de 14 de julho, foi disponibilizado somente na v\u00e9spera do interrogat\u00f3rio do n\u00facleo 2.<\/p>\n\n\n\n<p>O advogado Jeffrey Chiquini destacou que a instru\u00e7\u00e3o penal gerou 78 terabytes de material, e que a diferen\u00e7a no prazo configura tratamento desigual.<\/p>\n\n\n\n<p>A Procuradoria Geral da Rep\u00fablica rebateu, afirmando que o rito foi respeitado e n\u00e3o houve irregularidades.<\/p>\n\n\n\n<p>O pedido foi negado pelo juiz Rafael Rocha, do gabinete do ministro Alexandre de Moraes. Filipe Martins e outros cinco r\u00e9us s\u00e3o acusados de integrar o n\u00facleo operacional que buscava sustentar a perman\u00eancia de Bolsonaro ap\u00f3s as elei\u00e7\u00f5es de 2022, incluindo edi\u00e7\u00e3o da \u201cminuta golpista\u201d e coordena\u00e7\u00e3o de a\u00e7\u00f5es para neutralizar autoridades.<\/p>\n","protected":false},"excerpt":{"rendered":"<p>Advogados alegam menos tempo para analisar provas do n\u00facleo 2 e querem interrogat\u00f3rios presenciais A defesa de Filipe Martins, ex-assessor&hellip;<\/p>\n","protected":false},"author":1,"featured_media":6899,"comment_status":"open","ping_status":"open","sticky":false,"template":"","format":"standard","meta":{"footnotes":""},"categories":[1],"tags":[],"class_list":["post-6898","post","type-post","status-publish","format-standard","has-post-thumbnail","hentry","category-uncategorized"],"_links":{"self":[{"href":"https:\/\/suanoticiaaqui.com.br\/news\/wp-json\/wp\/v2\/posts\/6898","targetHints":{"allow":["GET"]}}],"collection":[{"href":"https:\/\/suanoticiaaqui.com.br\/news\/wp-json\/wp\/v2\/posts"}],"about":[{"href":"https:\/\/suanoticiaaqui.com.br\/news\/wp-json\/wp\/v2\/types\/post"}],"author":[{"embeddable":true,"href":"https:\/\/suanoticiaaqui.com.br\/news\/wp-json\/wp\/v2\/users\/1"}],"replies":[{"embeddable":true,"href":"https:\/\/suanoticiaaqui.com.br\/news\/wp-json\/wp\/v2\/comments?post=6898"}],"version-history":[{"count":1,"href":"https:\/\/suanoticiaaqui.com.br\/news\/wp-json\/wp\/v2\/posts\/6898\/revisions"}],"predecessor-version":[{"id":6900,"href":"https:\/\/suanoticiaaqui.com.br\/news\/wp-json\/wp\/v2\/posts\/6898\/revisions\/6900"}],"wp:featuredmedia":[{"embeddable":true,"href":"https:\/\/suanoticiaaqui.com.br\/news\/wp-json\/wp\/v2\/media\/6899"}],"wp:attachment":[{"href":"https:\/\/suanoticiaaqui.com.br\/news\/wp-json\/wp\/v2\/media?parent=6898"}],"wp:term":[{"taxonomy":"category","embeddable":true,"href":"https:\/\/suanoticiaaqui.com.br\/news\/wp-json\/wp\/v2\/categories?post=6898"},{"taxonomy":"post_tag","embeddable":true,"href":"https:\/\/suanoticiaaqui.com.br\/news\/wp-json\/wp\/v2\/tags?post=6898"}],"curies":[{"name":"wp","href":"https:\/\/api.w.org\/{rel}","templated":true}]}}