{"id":6901,"date":"2025-07-24T16:51:53","date_gmt":"2025-07-24T20:51:53","guid":{"rendered":"https:\/\/suanoticiaaqui.com.br\/news\/?p=6901"},"modified":"2025-07-24T16:51:53","modified_gmt":"2025-07-24T20:51:53","slug":"justica-abre-inquerito-para-apurar-danos-ambientais-em-areas-rurais","status":"publish","type":"post","link":"https:\/\/suanoticiaaqui.com.br\/news\/2025\/07\/24\/justica-abre-inquerito-para-apurar-danos-ambientais-em-areas-rurais\/","title":{"rendered":"Justi\u00e7a abre inqu\u00e9rito para apurar danos ambientais em \u00e1reas rurais"},"content":{"rendered":"\n<ul class=\"wp-block-list\">\n<li>por Ligado na Noticia<\/li>\n<\/ul>\n\n\n\n<p>A fiscaliza\u00e7\u00e3o ambiental tem sido fundamental para coibir pr\u00e1ticas irregulares e proteger o meio ambiente em Bela Vista. Prova disso \u00e9 a atua\u00e7\u00e3o da 1\u00aa Promotoria de Justi\u00e7a do munic\u00edpio, que instaurou dois inqu\u00e9ritos civis para apurar a supress\u00e3o de vegeta\u00e7\u00e3o nativa sem autoriza\u00e7\u00e3o legal em \u00e1reas rurais distintas, evidenciando a preocupa\u00e7\u00e3o do Minist\u00e9rio P\u00fablico (MPMS) com a preserva\u00e7\u00e3o do meio ambiente e o cumprimento da legisla\u00e7\u00e3o ambiental.<\/p>\n\n\n\n<p>O primeiro caso refere-se \u00e0 explora\u00e7\u00e3o de 4,88 hectares de vegeta\u00e7\u00e3o nativa em um assentamento local, realizada sem autoriza\u00e7\u00e3o da autoridade ambiental competente. O respons\u00e1vel pela \u00e1rea foi autuado pela Pol\u00edcia Militar Ambiental ap\u00f3s fiscaliza\u00e7\u00e3o in loco, que resultou no auto de infra\u00e7\u00e3o e no Laudo de Constata\u00e7\u00e3o. A 1\u00aa Promotoria de Justi\u00e7a de Bela Vista instaurou o inqu\u00e9rito civil para investigar os fatos, apurar responsabilidades e, se necess\u00e1rio, ajuizar A\u00e7\u00e3o Civil P\u00fablica (ACP).<\/p>\n\n\n\n<p>J\u00e1 o segundo inqu\u00e9rito foi instaurado para apurar a supress\u00e3o de 2,195 hectares de vegeta\u00e7\u00e3o nativa em uma propriedade local. A respons\u00e1vel tamb\u00e9m foi autuada por supress\u00e3o vegetal a corte raso sem autoriza\u00e7\u00e3o, conforme o auto de infra\u00e7\u00e3o e Laudo de Constata\u00e7\u00e3o emitidos pelo Instituto de Meio Ambiente de Mato Grosso do Sul (Imasul).<\/p>\n\n\n\n<p>Segundo o Promotor de Justi\u00e7a Substituto Guilermo Timm Rocha, ambos os inqu\u00e9ritos t\u00eam por objetivo reunir informa\u00e7\u00f5es, depoimentos, certid\u00f5es e laudos t\u00e9cnicos para subsidiar eventual assinatura de Termo de Ajustamento de Conduta (TAC), propositura de ACP ou arquivamento, conforme o caso.<\/p>\n\n\n\n<p>Nos dois procedimentos, os investigados foram formalmente notificados a prestar, no prazo de 10 dias, esclarecimentos, apresentar documentos como matr\u00edcula atualizada do im\u00f3vel, Cadastro Ambiental Rural (CAR), eventuais autoriza\u00e7\u00f5es ambientais e informar se possuem interesse em solucionar os casos de forma consensual. O Minist\u00e9rio P\u00fablico (MPMS) tamb\u00e9m oficiou \u00f3rg\u00e3os como o Imasul e o Cart\u00f3rio de Registro de Im\u00f3veis, requisitando informa\u00e7\u00f5es complementares para subsidiar a apura\u00e7\u00e3o.<\/p>\n","protected":false},"excerpt":{"rendered":"<p>A fiscaliza\u00e7\u00e3o ambiental tem sido fundamental para coibir pr\u00e1ticas irregulares e proteger o meio ambiente em Bela Vista. Prova disso&hellip;<\/p>\n","protected":false},"author":1,"featured_media":6902,"comment_status":"open","ping_status":"open","sticky":false,"template":"","format":"standard","meta":{"footnotes":""},"categories":[1],"tags":[],"class_list":["post-6901","post","type-post","status-publish","format-standard","has-post-thumbnail","hentry","category-uncategorized"],"_links":{"self":[{"href":"https:\/\/suanoticiaaqui.com.br\/news\/wp-json\/wp\/v2\/posts\/6901","targetHints":{"allow":["GET"]}}],"collection":[{"href":"https:\/\/suanoticiaaqui.com.br\/news\/wp-json\/wp\/v2\/posts"}],"about":[{"href":"https:\/\/suanoticiaaqui.com.br\/news\/wp-json\/wp\/v2\/types\/post"}],"author":[{"embeddable":true,"href":"https:\/\/suanoticiaaqui.com.br\/news\/wp-json\/wp\/v2\/users\/1"}],"replies":[{"embeddable":true,"href":"https:\/\/suanoticiaaqui.com.br\/news\/wp-json\/wp\/v2\/comments?post=6901"}],"version-history":[{"count":1,"href":"https:\/\/suanoticiaaqui.com.br\/news\/wp-json\/wp\/v2\/posts\/6901\/revisions"}],"predecessor-version":[{"id":6903,"href":"https:\/\/suanoticiaaqui.com.br\/news\/wp-json\/wp\/v2\/posts\/6901\/revisions\/6903"}],"wp:featuredmedia":[{"embeddable":true,"href":"https:\/\/suanoticiaaqui.com.br\/news\/wp-json\/wp\/v2\/media\/6902"}],"wp:attachment":[{"href":"https:\/\/suanoticiaaqui.com.br\/news\/wp-json\/wp\/v2\/media?parent=6901"}],"wp:term":[{"taxonomy":"category","embeddable":true,"href":"https:\/\/suanoticiaaqui.com.br\/news\/wp-json\/wp\/v2\/categories?post=6901"},{"taxonomy":"post_tag","embeddable":true,"href":"https:\/\/suanoticiaaqui.com.br\/news\/wp-json\/wp\/v2\/tags?post=6901"}],"curies":[{"name":"wp","href":"https:\/\/api.w.org\/{rel}","templated":true}]}}