{"id":6904,"date":"2025-07-24T17:00:48","date_gmt":"2025-07-24T21:00:48","guid":{"rendered":"https:\/\/suanoticiaaqui.com.br\/news\/?p=6904"},"modified":"2025-07-24T17:00:48","modified_gmt":"2025-07-24T21:00:48","slug":"brasil-se-volta-contra-israel-e-enfraquece-combate-ao-terrorismo","status":"publish","type":"post","link":"https:\/\/suanoticiaaqui.com.br\/news\/2025\/07\/24\/brasil-se-volta-contra-israel-e-enfraquece-combate-ao-terrorismo\/","title":{"rendered":"Brasil se volta contra Israel e enfraquece combate ao terrorismo"},"content":{"rendered":"\n<p>Governo brasileiro apoia a\u00e7\u00e3o na ONU que ignora crimes do Hamas e direito de autodefesa do Estado judeu<\/p>\n\n\n\n<ul class=\"wp-block-list\">\n<li><a href=\"https:\/\/bradockshow.com.br\/author\/marcotoledo\/\"><\/a>por <a href=\"https:\/\/bradockshow.com.br\/author\/marcotoledo\/\">Marco Toledo<\/a><\/li>\n<\/ul>\n\n\n\n<p>O governo brasileiro anunciou nesta quarta-feira (23) sua entrada formal como parte interessada na a\u00e7\u00e3o movida por pa\u00edses aliados do Hamas contra Israel na Corte Internacional de Justi\u00e7a (CIJ), da ONU.<\/p>\n\n\n\n<p>A medida, segundo nota do Itamaraty, ocorre na \u201cfase final\u201d do processo iniciado pela \u00c1frica do Sul, que acusa Israel de violar a Conven\u00e7\u00e3o para a Preven\u00e7\u00e3o e Repress\u00e3o do Crime de Genoc\u00eddio.<\/p>\n\n\n\n<p>A decis\u00e3o do Brasil ignora o contexto de autodefesa de Israel diante dos ataques terroristas do Hamas, que h\u00e1 anos utilizam civis como escudo e promovem o caos na Faixa de Gaza.<\/p>\n\n\n\n<p>O Itamaraty, entretanto, preferiu acusar o Estado judeu de \u201ccont\u00ednuas viola\u00e7\u00f5es do Direito Internacional\u201d, alegando viol\u00eancia contra civis e expans\u00e3o de assentamentos.<\/p>\n\n\n\n<p>Israel nega as acusa\u00e7\u00f5es e afirma que suas a\u00e7\u00f5es visam proteger sua popula\u00e7\u00e3o diante de amea\u00e7as reais. Ao se posicionar na a\u00e7\u00e3o, o Brasil refor\u00e7a sua inclina\u00e7\u00e3o pol\u00edtica e isenta o Hamas de responsabilidade por crimes de guerra e terrorismo.<\/p>\n","protected":false},"excerpt":{"rendered":"<p>Governo brasileiro apoia a\u00e7\u00e3o na ONU que ignora crimes do Hamas e direito de autodefesa do Estado judeu O governo&hellip;<\/p>\n","protected":false},"author":1,"featured_media":6905,"comment_status":"open","ping_status":"open","sticky":false,"template":"","format":"standard","meta":{"footnotes":""},"categories":[1],"tags":[],"class_list":["post-6904","post","type-post","status-publish","format-standard","has-post-thumbnail","hentry","category-uncategorized"],"_links":{"self":[{"href":"https:\/\/suanoticiaaqui.com.br\/news\/wp-json\/wp\/v2\/posts\/6904","targetHints":{"allow":["GET"]}}],"collection":[{"href":"https:\/\/suanoticiaaqui.com.br\/news\/wp-json\/wp\/v2\/posts"}],"about":[{"href":"https:\/\/suanoticiaaqui.com.br\/news\/wp-json\/wp\/v2\/types\/post"}],"author":[{"embeddable":true,"href":"https:\/\/suanoticiaaqui.com.br\/news\/wp-json\/wp\/v2\/users\/1"}],"replies":[{"embeddable":true,"href":"https:\/\/suanoticiaaqui.com.br\/news\/wp-json\/wp\/v2\/comments?post=6904"}],"version-history":[{"count":1,"href":"https:\/\/suanoticiaaqui.com.br\/news\/wp-json\/wp\/v2\/posts\/6904\/revisions"}],"predecessor-version":[{"id":6906,"href":"https:\/\/suanoticiaaqui.com.br\/news\/wp-json\/wp\/v2\/posts\/6904\/revisions\/6906"}],"wp:featuredmedia":[{"embeddable":true,"href":"https:\/\/suanoticiaaqui.com.br\/news\/wp-json\/wp\/v2\/media\/6905"}],"wp:attachment":[{"href":"https:\/\/suanoticiaaqui.com.br\/news\/wp-json\/wp\/v2\/media?parent=6904"}],"wp:term":[{"taxonomy":"category","embeddable":true,"href":"https:\/\/suanoticiaaqui.com.br\/news\/wp-json\/wp\/v2\/categories?post=6904"},{"taxonomy":"post_tag","embeddable":true,"href":"https:\/\/suanoticiaaqui.com.br\/news\/wp-json\/wp\/v2\/tags?post=6904"}],"curies":[{"name":"wp","href":"https:\/\/api.w.org\/{rel}","templated":true}]}}