{"id":6907,"date":"2025-07-24T17:03:50","date_gmt":"2025-07-24T21:03:50","guid":{"rendered":"https:\/\/suanoticiaaqui.com.br\/news\/?p=6907"},"modified":"2025-07-24T17:03:50","modified_gmt":"2025-07-24T21:03:50","slug":"homens-sao-presos-por-comercio-clandestino-de-combustivel","status":"publish","type":"post","link":"https:\/\/suanoticiaaqui.com.br\/news\/2025\/07\/24\/homens-sao-presos-por-comercio-clandestino-de-combustivel\/","title":{"rendered":"Homens s\u00e3o presos por com\u00e9rcio clandestino de combust\u00edvel"},"content":{"rendered":"\n<ul class=\"wp-block-list\">\n<li>por Luiz Guilherme<\/li>\n<\/ul>\n\n\n\n<p>Dois homens foram presos pela PC (Pol\u00edcia Civil) de Cassil\u00e2ndia nesta quarta-feira (23\/7), por envolvimento no com\u00e9rcio clandestino e armazenamento de irregular de combust\u00edveis, em Cassil\u00e2ndia. A pr\u00e1tica representa risco grave \u00e0 seguran\u00e7a p\u00fablica e ao meio ambiente.<\/p>\n\n\n\n<p>A a\u00e7\u00e3o foi conduzida pelo SIG (Setor de Investiga\u00e7\u00f5es Gerais) durante o cumprimento de mandado de pris\u00e3o no Bairro Estrela do Vale. No local, os investigadores flagraram o exato momento em que um dos suspeitos realizava a venda ilegal de etanol. Ambos foram imediatamente abordados e presos em flagrante.<\/p>\n\n\n\n<p>Durante a dilig\u00eancia, os agentes localizaram mais de 6 mil litros de combust\u00edveis diversos (gasolina, etanol e diesel), armazenados de forma totalmente irregular, em gal\u00f5es pl\u00e1sticos, tambores e dois reservat\u00f3rios industriais (IBC), sem qualquer condi\u00e7\u00e3o t\u00e9cnica de seguran\u00e7a ou autoriza\u00e7\u00e3o da ANP (Ag\u00eancia Nacional do Petr\u00f3leo).<\/p>\n\n\n\n<p>Tamb\u00e9m foram apreendidas bombas de suc\u00e7\u00e3o e um dispositivo artesanal conhecido como \u201cchupa cabra\u201d, adaptado para subtra\u00e7\u00e3o clandestina de combust\u00edvel de caminh\u00f5es-tanque.<\/p>\n\n\n\n<p>De acordo com Eva Maira Cogo, delegada respons\u00e1vel pelo caso, a conduta dos envolvidos revela sofistica\u00e7\u00e3o e habitualidade na pr\u00e1tica criminosa, com atua\u00e7\u00e3o reiterada e armazenamento expressivo de combust\u00edveis em \u00e1rea residencial, colocando em risco direto a seguran\u00e7a da vizinhan\u00e7a.<\/p>\n\n\n\n<p>\u201cTrata-se de um ambiente totalmente inadequado para o volume armazenado, com risco real de explos\u00e3o ou inc\u00eandio\u201d, destacou.<\/p>\n\n\n\n<p>O indiv\u00edduo respons\u00e1vel pelo armazenamento e comercializa\u00e7\u00e3o do combust\u00edvel foi autuado pelos crimes previstos no art. 1\u00ba, I, da Lei n\u00ba 8.176\/91 (crime contra a ordem econ\u00f4mica) e art. 56 da Lei n\u00ba 9.605\/98 (crime ambiental). J\u00e1 o comprador do etanol foi autuado pelo crime ambiental.<\/p>\n\n\n\n<p>A Autoridade Policial representou pela pris\u00e3o preventiva do investigado respons\u00e1vel pelo dep\u00f3sito irregular, considerando a expressiva quantidade de combust\u00edvel apreendido e o risco concreto \u00e0 ordem p\u00fablica. Ressalte-se que n\u00e3o \u00e9 a primeira vez que ele \u00e9 investigado por crimes da mesma natureza.<\/p>\n","protected":false},"excerpt":{"rendered":"<p>Dois homens foram presos pela PC (Pol\u00edcia Civil) de Cassil\u00e2ndia nesta quarta-feira (23\/7), por envolvimento no com\u00e9rcio clandestino e armazenamento&hellip;<\/p>\n","protected":false},"author":1,"featured_media":6908,"comment_status":"open","ping_status":"open","sticky":false,"template":"","format":"standard","meta":{"footnotes":""},"categories":[1],"tags":[],"class_list":["post-6907","post","type-post","status-publish","format-standard","has-post-thumbnail","hentry","category-uncategorized"],"_links":{"self":[{"href":"https:\/\/suanoticiaaqui.com.br\/news\/wp-json\/wp\/v2\/posts\/6907","targetHints":{"allow":["GET"]}}],"collection":[{"href":"https:\/\/suanoticiaaqui.com.br\/news\/wp-json\/wp\/v2\/posts"}],"about":[{"href":"https:\/\/suanoticiaaqui.com.br\/news\/wp-json\/wp\/v2\/types\/post"}],"author":[{"embeddable":true,"href":"https:\/\/suanoticiaaqui.com.br\/news\/wp-json\/wp\/v2\/users\/1"}],"replies":[{"embeddable":true,"href":"https:\/\/suanoticiaaqui.com.br\/news\/wp-json\/wp\/v2\/comments?post=6907"}],"version-history":[{"count":1,"href":"https:\/\/suanoticiaaqui.com.br\/news\/wp-json\/wp\/v2\/posts\/6907\/revisions"}],"predecessor-version":[{"id":6909,"href":"https:\/\/suanoticiaaqui.com.br\/news\/wp-json\/wp\/v2\/posts\/6907\/revisions\/6909"}],"wp:featuredmedia":[{"embeddable":true,"href":"https:\/\/suanoticiaaqui.com.br\/news\/wp-json\/wp\/v2\/media\/6908"}],"wp:attachment":[{"href":"https:\/\/suanoticiaaqui.com.br\/news\/wp-json\/wp\/v2\/media?parent=6907"}],"wp:term":[{"taxonomy":"category","embeddable":true,"href":"https:\/\/suanoticiaaqui.com.br\/news\/wp-json\/wp\/v2\/categories?post=6907"},{"taxonomy":"post_tag","embeddable":true,"href":"https:\/\/suanoticiaaqui.com.br\/news\/wp-json\/wp\/v2\/tags?post=6907"}],"curies":[{"name":"wp","href":"https:\/\/api.w.org\/{rel}","templated":true}]}}