{"id":6910,"date":"2025-07-24T17:04:47","date_gmt":"2025-07-24T21:04:47","guid":{"rendered":"https:\/\/suanoticiaaqui.com.br\/news\/?p=6910"},"modified":"2025-07-24T17:04:47","modified_gmt":"2025-07-24T21:04:47","slug":"aeroporto-de-dourados-e-reclassificado-pela-anac-e-pode-receber-voos-comerciais","status":"publish","type":"post","link":"https:\/\/suanoticiaaqui.com.br\/news\/2025\/07\/24\/aeroporto-de-dourados-e-reclassificado-pela-anac-e-pode-receber-voos-comerciais\/","title":{"rendered":"Aeroporto de Dourados \u00e9 reclassificado pela Anac e pode receber voos comerciais"},"content":{"rendered":"\n<ul class=\"wp-block-list\">\n<li>\u00a0por Ligado na Noticia <\/li>\n<\/ul>\n\n\n\n<p>A Ag\u00eancia Nacional de Avia\u00e7\u00e3o Civil (Anac), \u00f3rg\u00e3o vinculado ao Minist\u00e9rio de Portos e Aeroportos, reclassificou o Aeroporto Regional Francisco de Matos Pereira para Categoria AP-1, liberando Dourados para receber voos comerciais. \u201cEsse foi o passo mais importante em todo processo que iniciamos em janeiro visando recolar nossa cidade na rota dos voos comerciais diretos para o Aeroporto Internacional de Guarulhos, em S\u00e3o Paulo\u201d, comemora Lu\u00eds Roberto Martins de Ara\u00fajo, secret\u00e1rio municipal de Servi\u00e7os Urbanos e um dos principais respons\u00e1veis por resgatar a classifica\u00e7\u00e3o do aeroporto. \u201cRecebemos essa miss\u00e3o do prefeito Mar\u00e7al Filho, que desde a posse tem sido incans\u00e1vel no processo da retomada dos voos e agora podemos afirmar que a miss\u00e3o est\u00e1 cumprida\u201d, completa Beto.<\/p>\n\n\n\n<p>A Portaria n\u00famero 17.494, de 21 de julho de 2025, assinada pelo superintendente de Infraestrutura Aeroportu\u00e1ria, do Minist\u00e9rio de Portos e Aeroportos, Marcos Roberto Eurich, foi publicada na edi\u00e7\u00e3o desta quinta-feira (24) do Di\u00e1rio Oficial da Uni\u00e3o. O documento regula a classifica\u00e7\u00e3o dos aeroportos civis p\u00fablicos para garantir a aplica\u00e7\u00e3o do Regulamento Brasileiro da Avia\u00e7\u00e3o Civil, tornando o Aeroporto Regional Francisco de Matos Pereira apto para operar com voos comerciais.<\/p>\n\n\n\n<p>O \u00faltimo passo, por\u00e9m muito mais simples e que j\u00e1 est\u00e1 sendo coordenado pela Empresa Brasileira de Infraestrutura Aeroportu\u00e1ria (Infraero), estatal federal que administra o Aeroporto Regional de Dourados e que tamb\u00e9m \u00e9 vinculada ao Minist\u00e9rio de Portos e Aeroportos, ser\u00e1 a aprova\u00e7\u00e3o do Plano de Seguran\u00e7a Aeroportu\u00e1rio (PSA). O projeto foi elaborado por t\u00e9cnicos da avia\u00e7\u00e3o civil e encaminhado para avalia\u00e7\u00e3o do Departamento de Controle do Espa\u00e7o A\u00e9reo (Decea), que pediu novos documentos que j\u00e1 est\u00e3o sendo encaminhados pela Infraero. \u201cA aprova\u00e7\u00e3o do PSA deve ocorrer nos pr\u00f3ximos dias e n\u00e3o nos preocupa porque a etapa mais dif\u00edcil e tamb\u00e9m mais esperada, que era a reclassifica\u00e7\u00e3o, foi superada com a publica\u00e7\u00e3o da portaria nesta quinta-feira\u201d, ressalta Beto.<\/p>\n\n\n\n<p>A reclassifica\u00e7\u00e3o do Aeroporto Regional s\u00f3 foi poss\u00edvel porque a Prefeitura de Dourados realizou uma s\u00e9rie de servi\u00e7os de manuten\u00e7\u00e3o e instala\u00e7\u00e3o de equipamentos e constru\u00e7\u00e3o de estruturas exigidas pela Ag\u00eancia Nacional de Avia\u00e7\u00e3o Civil, como, por exemplo, a instala\u00e7\u00e3o de guarita no port\u00e3o de acesso \u00e0 \u00e1rea operacional, inclus\u00e3o de dilacerador de pneus e fixa\u00e7\u00e3o de placas de seguran\u00e7a na cerca e no terminal de passageiros.<\/p>\n\n\n\n<p>A Prefeitura de Dourados tamb\u00e9m implantou sistema de videomonitoramento em toda a \u00e1rea do aeroporto, criou sala de busca pessoal no embarque, fez a manuten\u00e7\u00e3o de equipamentos de inspe\u00e7\u00e3o (raio-x, p\u00f3rtico detector de metais e esteira de bagagem) e a instalou sistema de credenciamento aeroportu\u00e1rio com atendimento ao p\u00fablico. Tamb\u00e9m foi realizada a revitaliza\u00e7\u00e3o das vias de patrulhamento da cerca operacional.<\/p>\n\n\n\n<p>O terminal de embarque e desembarque tamb\u00e9m foi modernizado com a instala\u00e7\u00e3o de portas autom\u00e1ticas, que se abrem com a aproxima\u00e7\u00e3o dos passageiros, al\u00e9m de ter recebido melhorias em todo sistema de climatiza\u00e7\u00e3o, proporcionando mais conforto e comodidade \u00e0s pessoas que passar\u00e3o pelo local a partir do dia 8 de setembro quando a Latam inicia os voos comerciais para S\u00e3o Paulo. \u201cTudo que precisava ser feito para que a Anac reclassificasse nosso Aeroporto Regional, n\u00f3s fizemos\u201d, ressalta Mar\u00e7al Filho. \u201cSem essas medidas que adotamos, o aeroporto jamais seria reclassificado\u201d, completou o prefeito.<\/p>\n\n\n\n<p>Al\u00e9m das interven\u00e7\u00f5es, a Prefeitura de Dourados viabilizou a homologa\u00e7\u00e3o das duas cabeceiras da pista com o Precision Approach Path Indicator (Papi), ou seja, Indicador de Trajet\u00f3ria de Aproxima\u00e7\u00e3o de Precis\u00e3o, um sistema de ilumina\u00e7\u00e3o que auxilia os pilotos na aproxima\u00e7\u00e3o e pouso, luzes de ilumina\u00e7\u00e3o do p\u00e1tio principal e do taxiway. Os equipamentos de navega\u00e7\u00e3o a\u00e9rea tamb\u00e9m receberam manuten\u00e7\u00e3o, al\u00e9m da renova\u00e7\u00e3o dos contratos de abastecimento, hangares e \u00e1reas comuns.<\/p>\n\n\n\n<p>A Prefeitura de Dourados tamb\u00e9m firmou conv\u00eanio com o 2\u00ba Grupamento do Corpo de Bombeiros, transferindo a seguran\u00e7a interna do Aeroporto Regional para a corpora\u00e7\u00e3o e acompanha de perto a instala\u00e7\u00e3o da Esta\u00e7\u00e3o Prestadora de Servi\u00e7os de Telecomunica\u00e7\u00f5es e de Tr\u00e1fego A\u00e9reo (EPTA), cuja a licita\u00e7\u00e3o foi vencida pela MVS Incorpora\u00e7\u00f5es Imobili\u00e1rias LTDA, empresa que tem sede em Curitiba, no Paran\u00e1.<\/p>\n","protected":false},"excerpt":{"rendered":"<p>A Ag\u00eancia Nacional de Avia\u00e7\u00e3o Civil (Anac), \u00f3rg\u00e3o vinculado ao Minist\u00e9rio de Portos e Aeroportos, reclassificou o Aeroporto Regional Francisco&hellip;<\/p>\n","protected":false},"author":1,"featured_media":6911,"comment_status":"open","ping_status":"open","sticky":false,"template":"","format":"standard","meta":{"footnotes":""},"categories":[1],"tags":[],"class_list":["post-6910","post","type-post","status-publish","format-standard","has-post-thumbnail","hentry","category-uncategorized"],"_links":{"self":[{"href":"https:\/\/suanoticiaaqui.com.br\/news\/wp-json\/wp\/v2\/posts\/6910","targetHints":{"allow":["GET"]}}],"collection":[{"href":"https:\/\/suanoticiaaqui.com.br\/news\/wp-json\/wp\/v2\/posts"}],"about":[{"href":"https:\/\/suanoticiaaqui.com.br\/news\/wp-json\/wp\/v2\/types\/post"}],"author":[{"embeddable":true,"href":"https:\/\/suanoticiaaqui.com.br\/news\/wp-json\/wp\/v2\/users\/1"}],"replies":[{"embeddable":true,"href":"https:\/\/suanoticiaaqui.com.br\/news\/wp-json\/wp\/v2\/comments?post=6910"}],"version-history":[{"count":1,"href":"https:\/\/suanoticiaaqui.com.br\/news\/wp-json\/wp\/v2\/posts\/6910\/revisions"}],"predecessor-version":[{"id":6912,"href":"https:\/\/suanoticiaaqui.com.br\/news\/wp-json\/wp\/v2\/posts\/6910\/revisions\/6912"}],"wp:featuredmedia":[{"embeddable":true,"href":"https:\/\/suanoticiaaqui.com.br\/news\/wp-json\/wp\/v2\/media\/6911"}],"wp:attachment":[{"href":"https:\/\/suanoticiaaqui.com.br\/news\/wp-json\/wp\/v2\/media?parent=6910"}],"wp:term":[{"taxonomy":"category","embeddable":true,"href":"https:\/\/suanoticiaaqui.com.br\/news\/wp-json\/wp\/v2\/categories?post=6910"},{"taxonomy":"post_tag","embeddable":true,"href":"https:\/\/suanoticiaaqui.com.br\/news\/wp-json\/wp\/v2\/tags?post=6910"}],"curies":[{"name":"wp","href":"https:\/\/api.w.org\/{rel}","templated":true}]}}