{"id":6913,"date":"2025-07-24T17:05:49","date_gmt":"2025-07-24T21:05:49","guid":{"rendered":"https:\/\/suanoticiaaqui.com.br\/news\/?p=6913"},"modified":"2025-07-24T17:05:49","modified_gmt":"2025-07-24T21:05:49","slug":"flavio-cobra-alcolumbre-por-impeachment-de-moraes-e-obrigacao-pautar","status":"publish","type":"post","link":"https:\/\/suanoticiaaqui.com.br\/news\/2025\/07\/24\/flavio-cobra-alcolumbre-por-impeachment-de-moraes-e-obrigacao-pautar\/","title":{"rendered":"Fl\u00e1vio cobra Alcolumbre por impeachment de Moraes: \u201c\u00c9 obriga\u00e7\u00e3o pautar\u201d"},"content":{"rendered":"\n<p>Senador refor\u00e7a press\u00e3o ap\u00f3s novas medidas contra Bolsonaro e critica in\u00e9rcia do Senado<\/p>\n\n\n\n<ul class=\"wp-block-list\">\n<li><a href=\"https:\/\/bradockshow.com.br\/author\/marcotoledo\/\"><\/a>por <a href=\"https:\/\/bradockshow.com.br\/author\/marcotoledo\/\">Marco Toledo<\/a><\/li>\n<\/ul>\n\n\n\n<p>O senador Fl\u00e1vio Bolsonaro (PL-RJ) afirmou nesta quarta-feira (23) que pretende cobrar o presidente do Senado, Davi Alcolumbre (Uni\u00e3o Brasil-AP), para que paute o novo pedido de impeachment do ministro Alexandre de Moraes, do STF.<\/p>\n\n\n\n<p>Segundo ele, \u00e9 dever de Alcolumbre permitir que o plen\u00e1rio decida sobre o pedido, que foi protocolado ap\u00f3s as recentes medidas cautelares impostas contra o ex-presidente Jair Bolsonaro.<\/p>\n\n\n\n<p>Durante conversa com a imprensa, ao retornar de Portugal, Fl\u00e1vio criticou a omiss\u00e3o do Senado diante das repetidas a\u00e7\u00f5es de Moraes. \u201c\u00c9 a obriga\u00e7\u00e3o do presidente do Senado, com o pedido bem fundamentado, pautar isso.<\/p>\n\n\n\n<p>O que temos hoje \u00e9 uma esculhamba\u00e7\u00e3o, porque Moraes parece ter um seguro com qualquer presidente da Casa\u201d, declarou.<\/p>\n\n\n\n<p>O parlamentar destacou que a falta de a\u00e7\u00e3o contribuiu para o atual cen\u00e1rio institucional, em que decis\u00f5es individuais se imp\u00f5em sem o devido equil\u00edbrio entre os Poderes.<\/p>\n","protected":false},"excerpt":{"rendered":"<p>Senador refor\u00e7a press\u00e3o ap\u00f3s novas medidas contra Bolsonaro e critica in\u00e9rcia do Senado O senador Fl\u00e1vio Bolsonaro (PL-RJ) afirmou nesta&hellip;<\/p>\n","protected":false},"author":1,"featured_media":6914,"comment_status":"open","ping_status":"open","sticky":false,"template":"","format":"standard","meta":{"footnotes":""},"categories":[1],"tags":[],"class_list":["post-6913","post","type-post","status-publish","format-standard","has-post-thumbnail","hentry","category-uncategorized"],"_links":{"self":[{"href":"https:\/\/suanoticiaaqui.com.br\/news\/wp-json\/wp\/v2\/posts\/6913","targetHints":{"allow":["GET"]}}],"collection":[{"href":"https:\/\/suanoticiaaqui.com.br\/news\/wp-json\/wp\/v2\/posts"}],"about":[{"href":"https:\/\/suanoticiaaqui.com.br\/news\/wp-json\/wp\/v2\/types\/post"}],"author":[{"embeddable":true,"href":"https:\/\/suanoticiaaqui.com.br\/news\/wp-json\/wp\/v2\/users\/1"}],"replies":[{"embeddable":true,"href":"https:\/\/suanoticiaaqui.com.br\/news\/wp-json\/wp\/v2\/comments?post=6913"}],"version-history":[{"count":1,"href":"https:\/\/suanoticiaaqui.com.br\/news\/wp-json\/wp\/v2\/posts\/6913\/revisions"}],"predecessor-version":[{"id":6915,"href":"https:\/\/suanoticiaaqui.com.br\/news\/wp-json\/wp\/v2\/posts\/6913\/revisions\/6915"}],"wp:featuredmedia":[{"embeddable":true,"href":"https:\/\/suanoticiaaqui.com.br\/news\/wp-json\/wp\/v2\/media\/6914"}],"wp:attachment":[{"href":"https:\/\/suanoticiaaqui.com.br\/news\/wp-json\/wp\/v2\/media?parent=6913"}],"wp:term":[{"taxonomy":"category","embeddable":true,"href":"https:\/\/suanoticiaaqui.com.br\/news\/wp-json\/wp\/v2\/categories?post=6913"},{"taxonomy":"post_tag","embeddable":true,"href":"https:\/\/suanoticiaaqui.com.br\/news\/wp-json\/wp\/v2\/tags?post=6913"}],"curies":[{"name":"wp","href":"https:\/\/api.w.org\/{rel}","templated":true}]}}