{"id":6925,"date":"2025-07-24T17:15:32","date_gmt":"2025-07-24T21:15:32","guid":{"rendered":"https:\/\/suanoticiaaqui.com.br\/news\/?p=6925"},"modified":"2025-07-24T17:15:32","modified_gmt":"2025-07-24T21:15:32","slug":"moraes-evita-prisao-preventiva-e-reforca-bolsonaro-como-simbolo-de-resistencia","status":"publish","type":"post","link":"https:\/\/suanoticiaaqui.com.br\/news\/2025\/07\/24\/moraes-evita-prisao-preventiva-e-reforca-bolsonaro-como-simbolo-de-resistencia\/","title":{"rendered":"Moraes evita pris\u00e3o preventiva e refor\u00e7a Bolsonaro como s\u00edmbolo de resist\u00eancia"},"content":{"rendered":"\n<p>Supremo teme que pris\u00e3o transforme ex-presidente em m\u00e1rtir pol\u00edtico e amplie sua base<\/p>\n\n\n\n<ul class=\"wp-block-list\">\n<li><a href=\"https:\/\/bradockshow.com.br\/author\/marcotoledo\/\"><\/a>por <a href=\"https:\/\/bradockshow.com.br\/author\/marcotoledo\/\">Marco Toledo<\/a><\/li>\n<\/ul>\n\n\n\n<p>O Supremo Tribunal Federal vive um impasse que revela mais sobre pol\u00edtica do que Justi\u00e7a. Nos bastidores, cresce a avalia\u00e7\u00e3o de que prender Jair Bolsonaro preventivamente seria um erro estrat\u00e9gico: isso o transformaria em m\u00e1rtir e fortaleceria ainda mais sua narrativa de persegui\u00e7\u00e3o, entregando \u00e0 oposi\u00e7\u00e3o muni\u00e7\u00e3o valiosa.<\/p>\n\n\n\n<p>Juristas de diferentes espectros reconhecem o dilema. Walter Maierovitch afirmou que \u201ca pris\u00e3o preventiva de Bolsonaro n\u00e3o vai sair nem a pau\u201d, pois isso s\u00f3 refor\u00e7aria \u201ca hist\u00f3ria da persegui\u00e7\u00e3o pol\u00edtica, agora com base em elementos s\u00f3lidos\u201d. At\u00e9 cr\u00edticos admitem que uma pris\u00e3o evidenciaria o ativismo pol\u00edtico do STF.<\/p>\n\n\n\n<p>Esse c\u00e1lculo, mais pol\u00edtico que legal, exp\u00f5e um Supremo que dosou repress\u00e3o com conveni\u00eancia. A democracia virou xadrez de interesses, e o tribunal, ref\u00e9m do pr\u00f3prio ativismo, v\u00ea sua credibilidade se desgastar.<\/p>\n\n\n\n<p>Enquanto o STF tenta equilibrar press\u00e3o popular e custo diplom\u00e1tico, Bolsonaro amplia sua for\u00e7a pol\u00edtica. Cada recuo do tribunal \u00e9 interpretado por sua base como vit\u00f3ria, refor\u00e7ando a imagem do ex-presidente como v\u00edtima de um sistema que tenta silenci\u00e1-lo.<\/p>\n\n\n\n<p>No fim, ao evitar a pris\u00e3o por temer as consequ\u00eancias, Moraes e o Supremo acabam fortalecendo Bolsonaro, que segue ganhando protagonismo e apoio popular.<\/p>\n","protected":false},"excerpt":{"rendered":"<p>Supremo teme que pris\u00e3o transforme ex-presidente em m\u00e1rtir pol\u00edtico e amplie sua base O Supremo Tribunal Federal vive um impasse&hellip;<\/p>\n","protected":false},"author":1,"featured_media":6926,"comment_status":"open","ping_status":"open","sticky":false,"template":"","format":"standard","meta":{"footnotes":""},"categories":[1],"tags":[],"class_list":["post-6925","post","type-post","status-publish","format-standard","has-post-thumbnail","hentry","category-uncategorized"],"_links":{"self":[{"href":"https:\/\/suanoticiaaqui.com.br\/news\/wp-json\/wp\/v2\/posts\/6925","targetHints":{"allow":["GET"]}}],"collection":[{"href":"https:\/\/suanoticiaaqui.com.br\/news\/wp-json\/wp\/v2\/posts"}],"about":[{"href":"https:\/\/suanoticiaaqui.com.br\/news\/wp-json\/wp\/v2\/types\/post"}],"author":[{"embeddable":true,"href":"https:\/\/suanoticiaaqui.com.br\/news\/wp-json\/wp\/v2\/users\/1"}],"replies":[{"embeddable":true,"href":"https:\/\/suanoticiaaqui.com.br\/news\/wp-json\/wp\/v2\/comments?post=6925"}],"version-history":[{"count":1,"href":"https:\/\/suanoticiaaqui.com.br\/news\/wp-json\/wp\/v2\/posts\/6925\/revisions"}],"predecessor-version":[{"id":6927,"href":"https:\/\/suanoticiaaqui.com.br\/news\/wp-json\/wp\/v2\/posts\/6925\/revisions\/6927"}],"wp:featuredmedia":[{"embeddable":true,"href":"https:\/\/suanoticiaaqui.com.br\/news\/wp-json\/wp\/v2\/media\/6926"}],"wp:attachment":[{"href":"https:\/\/suanoticiaaqui.com.br\/news\/wp-json\/wp\/v2\/media?parent=6925"}],"wp:term":[{"taxonomy":"category","embeddable":true,"href":"https:\/\/suanoticiaaqui.com.br\/news\/wp-json\/wp\/v2\/categories?post=6925"},{"taxonomy":"post_tag","embeddable":true,"href":"https:\/\/suanoticiaaqui.com.br\/news\/wp-json\/wp\/v2\/tags?post=6925"}],"curies":[{"name":"wp","href":"https:\/\/api.w.org\/{rel}","templated":true}]}}