{"id":6928,"date":"2025-07-24T17:17:05","date_gmt":"2025-07-24T21:17:05","guid":{"rendered":"https:\/\/suanoticiaaqui.com.br\/news\/?p=6928"},"modified":"2025-07-24T17:17:05","modified_gmt":"2025-07-24T21:17:05","slug":"comboio-com-quase-r-14-milhao-em-drogas-e-mercadorias-contrabandeadas-e-interceptado","status":"publish","type":"post","link":"https:\/\/suanoticiaaqui.com.br\/news\/2025\/07\/24\/comboio-com-quase-r-14-milhao-em-drogas-e-mercadorias-contrabandeadas-e-interceptado\/","title":{"rendered":"Comboio com quase R$ 1,4 milh\u00e3o em drogas e mercadorias contrabandeadas \u00e9 interceptado"},"content":{"rendered":"\n<p>por Dourados News<\/p>\n\n\n\n<p>Nesta quinta-feira (24), o&nbsp;DOF (Departamento de Opera\u00e7\u00f5es de Fronteira) apreendeu&nbsp;quatro ve\u00edculos carregados com drogas, cigarros, pneus de origem estrangeira, cigarros eletr\u00f4nicos, perfumes e armas de airsoft, em Ponta Por\u00e3. Esta \u00e9 a terceira ocorr\u00eancia, em menos de um m\u00eas, que comboio com drogas e contrabando \u00e9 interceptado pela Unidade na fronteira.<\/p>\n\n\n\n<p>Os policiais militares faziam patrulhamento no Assentamento Corona, \u00e1rea rural do munic\u00edpio, quando os condutores, ao perceberem a presen\u00e7a policial, tentaram retornar e fugir. Durante acompanhamento, os criminosos abandonaram os ve\u00edculos e tentaram empreender fuga a p\u00e9, sendo alcan\u00e7ados e detidos.<\/p>\n\n\n\n<p>Em vistorias nos autom\u00f3veis, foram apreendidos em um GM Astra e um VW Gol com&nbsp;563 quilos de maconha.<\/p>\n\n\n\n<p>J\u00e1 nos ve\u00edculos GM Vectra e Fiat Uno, foram encontrados 2.250 pacotes de cigarros eletr\u00f4nicos (vaper), 1.250 pacotes de cigarros de origem estrangeira, 111 frascos de perfume, 22 carregadores de arma de airsoft, 9 armas de ar comprimido e 10 pneus paraguaios.<\/p>\n\n\n\n<p>Os materiais apreendidos e os ve\u00edculos, avaliados em aproximadamente R$ 1,4 milh\u00e3o, foram encaminhados, juntamente com os autores, \u00e0 Defron (Delegacia Especializada em Repress\u00e3o aos Crimes de Fronteira), em Dourados.<\/p>\n\n\n\n<p>A a\u00e7\u00e3o envolvendo os policiais do DOF aconteceu dentro do Programa Protetor das Fronteiras e Divisas, parceria da Sejusp (Secretaria de Estado de Justi\u00e7a e Seguran\u00e7a P\u00fablica) com o MJSP (Minist\u00e9rio da Justi\u00e7a e Seguran\u00e7a P\u00fablica).<\/p>\n","protected":false},"excerpt":{"rendered":"<p>por Dourados News Nesta quinta-feira (24), o&nbsp;DOF (Departamento de Opera\u00e7\u00f5es de Fronteira) apreendeu&nbsp;quatro ve\u00edculos carregados com drogas, cigarros, pneus de&hellip;<\/p>\n","protected":false},"author":1,"featured_media":6929,"comment_status":"open","ping_status":"open","sticky":false,"template":"","format":"standard","meta":{"footnotes":""},"categories":[1],"tags":[],"class_list":["post-6928","post","type-post","status-publish","format-standard","has-post-thumbnail","hentry","category-uncategorized"],"_links":{"self":[{"href":"https:\/\/suanoticiaaqui.com.br\/news\/wp-json\/wp\/v2\/posts\/6928","targetHints":{"allow":["GET"]}}],"collection":[{"href":"https:\/\/suanoticiaaqui.com.br\/news\/wp-json\/wp\/v2\/posts"}],"about":[{"href":"https:\/\/suanoticiaaqui.com.br\/news\/wp-json\/wp\/v2\/types\/post"}],"author":[{"embeddable":true,"href":"https:\/\/suanoticiaaqui.com.br\/news\/wp-json\/wp\/v2\/users\/1"}],"replies":[{"embeddable":true,"href":"https:\/\/suanoticiaaqui.com.br\/news\/wp-json\/wp\/v2\/comments?post=6928"}],"version-history":[{"count":1,"href":"https:\/\/suanoticiaaqui.com.br\/news\/wp-json\/wp\/v2\/posts\/6928\/revisions"}],"predecessor-version":[{"id":6930,"href":"https:\/\/suanoticiaaqui.com.br\/news\/wp-json\/wp\/v2\/posts\/6928\/revisions\/6930"}],"wp:featuredmedia":[{"embeddable":true,"href":"https:\/\/suanoticiaaqui.com.br\/news\/wp-json\/wp\/v2\/media\/6929"}],"wp:attachment":[{"href":"https:\/\/suanoticiaaqui.com.br\/news\/wp-json\/wp\/v2\/media?parent=6928"}],"wp:term":[{"taxonomy":"category","embeddable":true,"href":"https:\/\/suanoticiaaqui.com.br\/news\/wp-json\/wp\/v2\/categories?post=6928"},{"taxonomy":"post_tag","embeddable":true,"href":"https:\/\/suanoticiaaqui.com.br\/news\/wp-json\/wp\/v2\/tags?post=6928"}],"curies":[{"name":"wp","href":"https:\/\/api.w.org\/{rel}","templated":true}]}}