{"id":6932,"date":"2025-07-25T13:59:03","date_gmt":"2025-07-25T17:59:03","guid":{"rendered":"https:\/\/suanoticiaaqui.com.br\/news\/?p=6932"},"modified":"2025-07-25T13:59:03","modified_gmt":"2025-07-25T17:59:03","slug":"aeroporto-de-dourados-e-liberado-para-voos-comerciais","status":"publish","type":"post","link":"https:\/\/suanoticiaaqui.com.br\/news\/2025\/07\/25\/aeroporto-de-dourados-e-liberado-para-voos-comerciais\/","title":{"rendered":"Aeroporto de Dourados \u00e9 liberado para voos comerciais\u00a0"},"content":{"rendered":"\n<p>Por\u00a0<strong>Adriano Moretto<\/strong><\/p>\n\n\n\n<p>Portaria publicada na edi\u00e7\u00e3o desta quinta-feira (24\/7) no Di\u00e1rio Oficial da Uni\u00e3o pelo Minist\u00e9rio dos Portos e Aeroportos, reclassifica o Aeroporto Regional Francisco de Matos Pereira, em Dourados, e o coloca apto a operar a avia\u00e7\u00e3o comercial. Esta \u00e9 mais uma etapa para a retomada dos voos atrav\u00e9s de companhias a\u00e9reas, suspensos desde maio de 2021 ap\u00f3s fechamento do local para reforma da pista.&nbsp;<\/p>\n\n\n\n<p>O documento \u00e9 assinado pelo superintendente de Infraestrutura Aeroportu\u00e1ria substituto, Marcos Roberto Eurich, datado de 21 de julho. Agora, o aer\u00f3dromo passa a ser considerado \u2018AP-1\u2019, termo utilizado pela Anac (Ag\u00eancia Nacional de Avia\u00e7\u00e3o Civil) \u00e0queles com movimenta\u00e7\u00e3o anual inferior a 600 mil passageiros.&nbsp;<\/p>\n\n\n\n<p>Antes, o Francisco de Matos Pereira atuava na classifica\u00e7\u00e3o AP-0, exclusivo para avia\u00e7\u00e3o geral, servi\u00e7o de t\u00e1xi a\u00e9reo e avia\u00e7\u00e3o comercial atrav\u00e9s de aeronaves particulares.<\/p>\n\n\n\n<p>Conforme apurado pelo<strong>&nbsp;Dourados News<\/strong>, com essa nova classifica\u00e7\u00e3o, companhias j\u00e1 podem come\u00e7ar a operar no local, por\u00e9m, como medida de seguran\u00e7a, essas empresas preferem atuar apenas com a EPTA (Esta\u00e7\u00e3o Prestadora de Servi\u00e7os de Telecomunica\u00e7\u00e3o e Tr\u00e1fego A\u00e9reo) \u2013&nbsp;<a href=\"https:\/\/www.douradosnews.com.br\/noticias\/cidades\/empresa-do-prvence-licitacao-para-operar-a-sala-radio-do-aeroporto\/1259158\/\">j\u00e1 licitada e em fase de implanta\u00e7\u00e3o<\/a>&nbsp;\u2013 homologada pelo DCEA (Departamento de Controle do Espa\u00e7o A\u00e9reo).<\/p>\n\n\n\n<p>A Esta\u00e7\u00e3o \u00e9 essencial para contato entre o operador e o piloto da aeronave, onde s\u00e3o passadas condi\u00e7\u00f5es meteorol\u00f3gicas e outras situa\u00e7\u00f5es que auxiliam o tr\u00e1fego a\u00e9reo.&nbsp;<\/p>\n\n\n\n<p>Com a retomada do funcionamento do aeroporto, a Latam j\u00e1 anunciou in\u00edcio das opera\u00e7\u00f5es em Dourados com tr\u00eas voos semanais a partir do dia 8 de setembro e desde maio j\u00e1 comercializa passagens para o Aeroporto Internacional de Guarulhos (SP), com conex\u00f5es a diferentes destinos.&nbsp;<\/p>\n\n\n\n<p>A administra\u00e7\u00e3o municipal ainda tem tentado atrair outras companhias a operarem na cidade.&nbsp;<\/p>\n\n\n\n<p>Em maio, o prefeito Mar\u00e7al Filho (PSDB) esteve em S\u00e3o Paulo (SP) e conversou com executivos da Gol Linhas A\u00e9reas e aposta no&nbsp;<a href=\"https:\/\/www.douradosnews.com.br\/dourados\/retomada-dos-voos-em-dourados-depende-de-ajustes-tecnicos-e-negociacao\/1256627\/\">incentivo fiscal dado pelo Governo do Estado<\/a>&nbsp;para fazer a empresa retornar a atender a demanda da regi\u00e3o.&nbsp;<\/p>\n\n\n\n<p><strong>Seguran\u00e7a<\/strong><\/p>\n\n\n\n<p>Na ter\u00e7a-feira (22\/7),&nbsp;<a href=\"https:\/\/www.douradosnews.com.br\/dourados\/prefeitura-firma-convenio-com-bombeiros-e-consolida-volta-dos-voos\/1261380\/\">prefeitura e o 2\u00ba Grupamento de Bombeiros Militar de Dourados<\/a>&nbsp;assinaram termo de conv\u00eanio formalizando atua\u00e7\u00e3o da corpora\u00e7\u00e3o nas atividades de salvamento, resgate e combate a inc\u00eandios no Francisco de Matos Pereira.<\/p>\n\n\n\n<p>A medida era uma exig\u00eancia da Anac (Ag\u00eancia Nacional de Avia\u00e7\u00e3o Civil) e tamb\u00e9m de empresas a\u00e9reas que operam com voos comerciais nos aeroportos brasileiros.&nbsp;<\/p>\n","protected":false},"excerpt":{"rendered":"<p>Por\u00a0Adriano Moretto Portaria publicada na edi\u00e7\u00e3o desta quinta-feira (24\/7) no Di\u00e1rio Oficial da Uni\u00e3o pelo Minist\u00e9rio dos Portos e Aeroportos,&hellip;<\/p>\n","protected":false},"author":1,"featured_media":6933,"comment_status":"open","ping_status":"open","sticky":false,"template":"","format":"standard","meta":{"footnotes":""},"categories":[1],"tags":[],"class_list":["post-6932","post","type-post","status-publish","format-standard","has-post-thumbnail","hentry","category-uncategorized"],"_links":{"self":[{"href":"https:\/\/suanoticiaaqui.com.br\/news\/wp-json\/wp\/v2\/posts\/6932","targetHints":{"allow":["GET"]}}],"collection":[{"href":"https:\/\/suanoticiaaqui.com.br\/news\/wp-json\/wp\/v2\/posts"}],"about":[{"href":"https:\/\/suanoticiaaqui.com.br\/news\/wp-json\/wp\/v2\/types\/post"}],"author":[{"embeddable":true,"href":"https:\/\/suanoticiaaqui.com.br\/news\/wp-json\/wp\/v2\/users\/1"}],"replies":[{"embeddable":true,"href":"https:\/\/suanoticiaaqui.com.br\/news\/wp-json\/wp\/v2\/comments?post=6932"}],"version-history":[{"count":1,"href":"https:\/\/suanoticiaaqui.com.br\/news\/wp-json\/wp\/v2\/posts\/6932\/revisions"}],"predecessor-version":[{"id":6934,"href":"https:\/\/suanoticiaaqui.com.br\/news\/wp-json\/wp\/v2\/posts\/6932\/revisions\/6934"}],"wp:featuredmedia":[{"embeddable":true,"href":"https:\/\/suanoticiaaqui.com.br\/news\/wp-json\/wp\/v2\/media\/6933"}],"wp:attachment":[{"href":"https:\/\/suanoticiaaqui.com.br\/news\/wp-json\/wp\/v2\/media?parent=6932"}],"wp:term":[{"taxonomy":"category","embeddable":true,"href":"https:\/\/suanoticiaaqui.com.br\/news\/wp-json\/wp\/v2\/categories?post=6932"},{"taxonomy":"post_tag","embeddable":true,"href":"https:\/\/suanoticiaaqui.com.br\/news\/wp-json\/wp\/v2\/tags?post=6932"}],"curies":[{"name":"wp","href":"https:\/\/api.w.org\/{rel}","templated":true}]}}