{"id":6935,"date":"2025-07-25T14:01:09","date_gmt":"2025-07-25T18:01:09","guid":{"rendered":"https:\/\/suanoticiaaqui.com.br\/news\/?p=6935"},"modified":"2025-07-25T14:01:09","modified_gmt":"2025-07-25T18:01:09","slug":"jovem-e-encontrado-ferido-as-margens-de-rodovia-e-morre-apos-dois-dias-internado","status":"publish","type":"post","link":"https:\/\/suanoticiaaqui.com.br\/news\/2025\/07\/25\/jovem-e-encontrado-ferido-as-margens-de-rodovia-e-morre-apos-dois-dias-internado\/","title":{"rendered":"Jovem \u00e9 encontrado ferido \u00e0s margens de rodovia e morre ap\u00f3s dois dias internado"},"content":{"rendered":"\n<p>Por\u00a0<strong>Charles Aparecido<\/strong><\/p>\n\n\n\n<p>Um jovem de 18 anos, morador de Itaquira\u00ed, morreu na noite de quinta-feira (24), no Hospital da Vida, em Dourados, ap\u00f3s dois dias internado em estado grave.<\/p>\n\n\n\n<p>Conforme relato da irm\u00e3, de 37 anos, o rapaz &#8211; que n\u00e3o teve a identidade revelada &#8211; foi encontrado ca\u00eddo com v\u00e1rios ferimentos por volta das 21h30 de ter\u00e7a-feira (22), na Vila F\u00e1tima, \u00e0s margens da BR-163, na altura do KM 76, em Itaquira\u00ed &#8211; munic\u00edpio localizado a cerca de 184 quil\u00f4metros de Dourados.<\/p>\n\n\n\n<p>O jovem foi socorrido e encaminhado para atendimento m\u00e9dico em Dourados, onde permaneceu internado, mas infelizmente n\u00e3o resistiu. A suspeita da fam\u00edlia \u00e9 que ele tenha sido atropelado, mas at\u00e9 o momento n\u00e3o h\u00e1 confirma\u00e7\u00e3o oficial sobre o que teria provocado os ferimentos. O caso segue sob investiga\u00e7\u00e3o.<\/p>\n\n\n\n<p><strong>A Omiss\u00e3o de Socorro no Tr\u00e2nsito:&nbsp;<em>O Que Diz a Lei<\/em><\/strong><\/p>\n\n\n\n<p>O C\u00f3digo de Tr\u00e2nsito Brasileiro (CTB), em seu&nbsp;<a href=\"https:\/\/www.jusbrasil.com.br\/topicos\/10588593\/art-304-da-lei-n-9503-de-23-de-setembro-de-1997\">Artigo 304<\/a>, \u00e9 claro ao criminalizar a conduta do condutor que, em caso de acidente, deixa de prestar imediato socorro \u00e0 v\u00edtima ou, n\u00e3o podendo faz\u00ea-lo diretamente, n\u00e3o solicita aux\u00edlio das autoridades.<\/p>\n\n\n\n<p>A pena prevista para essa infra\u00e7\u00e3o \u00e9 de deten\u00e7\u00e3o, de seis meses a um ano, ou multa. Al\u00e9m disso, o&nbsp;<a href=\"https:\/\/www.jusbrasil.com.br\/topicos\/10623219\/artigo-135-do-decreto-lei-n-2848-de-07-de-dezembro-de-1940\"><strong>C\u00f3digo Penal (Artigo 135)<\/strong><\/a>&nbsp;tamb\u00e9m tipifica a omiss\u00e3o de socorro de forma mais ampla, aplicando-se a qualquer situa\u00e7\u00e3o em que uma pessoa em perigo n\u00e3o receba assist\u00eancia, desde que quem omite possa ajudar sem risco pessoal.<\/p>\n\n\n\n<p>As consequ\u00eancias s\u00e3o ainda mais graves se a omiss\u00e3o resultar em les\u00e3o corporal grave ou, no cen\u00e1rio mais tr\u00e1gico, na morte da v\u00edtima, podendo levar a um aumento significativo da pena ou at\u00e9 mesmo \u00e0 acusa\u00e7\u00e3o de crimes mais graves, como homic\u00eddio culposo, com a omiss\u00e3o como agravante.<\/p>\n","protected":false},"excerpt":{"rendered":"<p>Por\u00a0Charles Aparecido Um jovem de 18 anos, morador de Itaquira\u00ed, morreu na noite de quinta-feira (24), no Hospital da Vida,&hellip;<\/p>\n","protected":false},"author":1,"featured_media":6936,"comment_status":"open","ping_status":"open","sticky":false,"template":"","format":"standard","meta":{"footnotes":""},"categories":[1],"tags":[],"class_list":["post-6935","post","type-post","status-publish","format-standard","has-post-thumbnail","hentry","category-uncategorized"],"_links":{"self":[{"href":"https:\/\/suanoticiaaqui.com.br\/news\/wp-json\/wp\/v2\/posts\/6935","targetHints":{"allow":["GET"]}}],"collection":[{"href":"https:\/\/suanoticiaaqui.com.br\/news\/wp-json\/wp\/v2\/posts"}],"about":[{"href":"https:\/\/suanoticiaaqui.com.br\/news\/wp-json\/wp\/v2\/types\/post"}],"author":[{"embeddable":true,"href":"https:\/\/suanoticiaaqui.com.br\/news\/wp-json\/wp\/v2\/users\/1"}],"replies":[{"embeddable":true,"href":"https:\/\/suanoticiaaqui.com.br\/news\/wp-json\/wp\/v2\/comments?post=6935"}],"version-history":[{"count":1,"href":"https:\/\/suanoticiaaqui.com.br\/news\/wp-json\/wp\/v2\/posts\/6935\/revisions"}],"predecessor-version":[{"id":6937,"href":"https:\/\/suanoticiaaqui.com.br\/news\/wp-json\/wp\/v2\/posts\/6935\/revisions\/6937"}],"wp:featuredmedia":[{"embeddable":true,"href":"https:\/\/suanoticiaaqui.com.br\/news\/wp-json\/wp\/v2\/media\/6936"}],"wp:attachment":[{"href":"https:\/\/suanoticiaaqui.com.br\/news\/wp-json\/wp\/v2\/media?parent=6935"}],"wp:term":[{"taxonomy":"category","embeddable":true,"href":"https:\/\/suanoticiaaqui.com.br\/news\/wp-json\/wp\/v2\/categories?post=6935"},{"taxonomy":"post_tag","embeddable":true,"href":"https:\/\/suanoticiaaqui.com.br\/news\/wp-json\/wp\/v2\/tags?post=6935"}],"curies":[{"name":"wp","href":"https:\/\/api.w.org\/{rel}","templated":true}]}}