{"id":6941,"date":"2025-07-25T14:09:15","date_gmt":"2025-07-25T18:09:15","guid":{"rendered":"https:\/\/suanoticiaaqui.com.br\/news\/?p=6941"},"modified":"2025-07-25T14:09:15","modified_gmt":"2025-07-25T18:09:15","slug":"eua-defendem-livre-comercio-e-endurecem-com-brasil-em-nome-da-competitividade","status":"publish","type":"post","link":"https:\/\/suanoticiaaqui.com.br\/news\/2025\/07\/25\/eua-defendem-livre-comercio-e-endurecem-com-brasil-em-nome-da-competitividade\/","title":{"rendered":"EUA defendem livre com\u00e9rcio e endurecem com Brasil em nome da competitividade"},"content":{"rendered":"\n<p>Pa\u00eds norte-americano fecha acordos com aliados e mant\u00e9m cobran\u00e7a por abertura de mercado<\/p>\n\n\n\n<ul class=\"wp-block-list\">\n<li><a href=\"https:\/\/bradockshow.com.br\/author\/marcotoledo\/\"><\/a>por <a href=\"https:\/\/bradockshow.com.br\/author\/marcotoledo\/\">Marco Toledo<\/a><\/li>\n<\/ul>\n\n\n\n<p>A poucos dias do in\u00edcio da tarifa de 50% sobre produtos brasileiros, os Estados Unidos refor\u00e7am sua postura em defesa da competitividade e da reciprocidade no com\u00e9rcio internacional.<\/p>\n\n\n\n<p>Enquanto na\u00e7\u00f5es como Jap\u00e3o, Indon\u00e9sia e pa\u00edses europeus avan\u00e7aram em acordos com Washington, o Brasil permanece isolado e sem solu\u00e7\u00e3o \u00e0 vista.<\/p>\n\n\n\n<p>O governo americano tem sido claro: reduzir\u00e1 tarifas apenas com garantias de acesso justo ao seu mercado. Para a Casa Branca, a prote\u00e7\u00e3o excessiva e as barreiras comerciais do Brasil inviabilizam uma rela\u00e7\u00e3o equilibrada.<\/p>\n\n\n\n<p>A exig\u00eancia de contrapartidas busca justamente corrigir distor\u00e7\u00f5es hist\u00f3ricas no com\u00e9rcio bilateral.<\/p>\n\n\n\n<p>Analistas veem o impasse como reflexo da resist\u00eancia brasileira em abrir seu mercado. A postura firme dos EUA j\u00e1 vem garantindo avan\u00e7os com outros parceiros e sinaliza que, sem reformas e flexibilidade por parte do Brasil, o preju\u00edzo comercial pode ser inevit\u00e1vel.<\/p>\n","protected":false},"excerpt":{"rendered":"<p>Pa\u00eds norte-americano fecha acordos com aliados e mant\u00e9m cobran\u00e7a por abertura de mercado A poucos dias do in\u00edcio da tarifa&hellip;<\/p>\n","protected":false},"author":1,"featured_media":6942,"comment_status":"open","ping_status":"open","sticky":false,"template":"","format":"standard","meta":{"footnotes":""},"categories":[1],"tags":[],"class_list":["post-6941","post","type-post","status-publish","format-standard","has-post-thumbnail","hentry","category-uncategorized"],"_links":{"self":[{"href":"https:\/\/suanoticiaaqui.com.br\/news\/wp-json\/wp\/v2\/posts\/6941","targetHints":{"allow":["GET"]}}],"collection":[{"href":"https:\/\/suanoticiaaqui.com.br\/news\/wp-json\/wp\/v2\/posts"}],"about":[{"href":"https:\/\/suanoticiaaqui.com.br\/news\/wp-json\/wp\/v2\/types\/post"}],"author":[{"embeddable":true,"href":"https:\/\/suanoticiaaqui.com.br\/news\/wp-json\/wp\/v2\/users\/1"}],"replies":[{"embeddable":true,"href":"https:\/\/suanoticiaaqui.com.br\/news\/wp-json\/wp\/v2\/comments?post=6941"}],"version-history":[{"count":1,"href":"https:\/\/suanoticiaaqui.com.br\/news\/wp-json\/wp\/v2\/posts\/6941\/revisions"}],"predecessor-version":[{"id":6943,"href":"https:\/\/suanoticiaaqui.com.br\/news\/wp-json\/wp\/v2\/posts\/6941\/revisions\/6943"}],"wp:featuredmedia":[{"embeddable":true,"href":"https:\/\/suanoticiaaqui.com.br\/news\/wp-json\/wp\/v2\/media\/6942"}],"wp:attachment":[{"href":"https:\/\/suanoticiaaqui.com.br\/news\/wp-json\/wp\/v2\/media?parent=6941"}],"wp:term":[{"taxonomy":"category","embeddable":true,"href":"https:\/\/suanoticiaaqui.com.br\/news\/wp-json\/wp\/v2\/categories?post=6941"},{"taxonomy":"post_tag","embeddable":true,"href":"https:\/\/suanoticiaaqui.com.br\/news\/wp-json\/wp\/v2\/tags?post=6941"}],"curies":[{"name":"wp","href":"https:\/\/api.w.org\/{rel}","templated":true}]}}