{"id":6944,"date":"2025-07-25T14:12:24","date_gmt":"2025-07-25T18:12:24","guid":{"rendered":"https:\/\/suanoticiaaqui.com.br\/news\/?p=6944"},"modified":"2025-07-25T14:12:24","modified_gmt":"2025-07-25T18:12:24","slug":"eua-miram-moraes-subsecretario-acusa-ministro-de-ser-coracao-da-censura-contra-bolsonaro","status":"publish","type":"post","link":"https:\/\/suanoticiaaqui.com.br\/news\/2025\/07\/25\/eua-miram-moraes-subsecretario-acusa-ministro-de-ser-coracao-da-censura-contra-bolsonaro\/","title":{"rendered":"EUA miram Moraes: Subsecret\u00e1rio acusa ministro de ser \u201ccora\u00e7\u00e3o da censura\u201d contra Bolsonaro"},"content":{"rendered":"\n<p>Declara\u00e7\u00f5es de integrantes do governo Trump refor\u00e7am press\u00e3o sobre ministros do STF e aliados; embaixada americana compartilhou publica\u00e7\u00f5es com cr\u00edticas contundentes ao governo Lula<\/p>\n\n\n\n<ul class=\"wp-block-list\">\n<li><a href=\"https:\/\/bradockshow.com.br\/author\/marcotoledo\/\"><\/a>por <a href=\"https:\/\/bradockshow.com.br\/author\/marcotoledo\/\">Marco Toledo<\/a><\/li>\n<\/ul>\n\n\n\n<p>O subsecret\u00e1rio de Diplomacia P\u00fablica dos EUA, Darren Beattie, afirmou que Alexandre de Moraes \u00e9 \u201co cora\u00e7\u00e3o pulsante do complexo de persegui\u00e7\u00e3o e censura contra Jair Bolsonaro\u201d.<\/p>\n\n\n\n<p>A fala foi publicada na rede X, acompanhada de cr\u00edticas \u00e0 atua\u00e7\u00e3o do STF e de apoio \u00e0s medidas lideradas por Donald Trump e Marco Rubio, que revogaram os vistos do ministro, seus aliados e familiares.<\/p>\n\n\n\n<p>Beattie ainda acusou Moraes e o governo Lula de atacarem a liberdade de express\u00e3o e ultrapassarem as fronteiras ao atingirem interesses americanos. A embaixada dos EUA no Brasil compartilhou a publica\u00e7\u00e3o, sinalizando respaldo institucional \u00e0s declara\u00e7\u00f5es.<\/p>\n\n\n\n<p>Em nova nota, Rubio refor\u00e7ou: \u201cA ca\u00e7a \u00e0s bruxas pol\u00edtica de Moraes contra Bolsonaro viola direitos e afeta cidad\u00e3os americanos\u201d. O impacto das san\u00e7\u00f5es \u00e9 restrito \u00e0 entrada nos EUA, mas amplia a press\u00e3o internacional sobre o Supremo e o Planalto.<\/p>\n","protected":false},"excerpt":{"rendered":"<p>Declara\u00e7\u00f5es de integrantes do governo Trump refor\u00e7am press\u00e3o sobre ministros do STF e aliados; embaixada americana compartilhou publica\u00e7\u00f5es com cr\u00edticas&hellip;<\/p>\n","protected":false},"author":1,"featured_media":6945,"comment_status":"open","ping_status":"open","sticky":false,"template":"","format":"standard","meta":{"footnotes":""},"categories":[1],"tags":[],"class_list":["post-6944","post","type-post","status-publish","format-standard","has-post-thumbnail","hentry","category-uncategorized"],"_links":{"self":[{"href":"https:\/\/suanoticiaaqui.com.br\/news\/wp-json\/wp\/v2\/posts\/6944","targetHints":{"allow":["GET"]}}],"collection":[{"href":"https:\/\/suanoticiaaqui.com.br\/news\/wp-json\/wp\/v2\/posts"}],"about":[{"href":"https:\/\/suanoticiaaqui.com.br\/news\/wp-json\/wp\/v2\/types\/post"}],"author":[{"embeddable":true,"href":"https:\/\/suanoticiaaqui.com.br\/news\/wp-json\/wp\/v2\/users\/1"}],"replies":[{"embeddable":true,"href":"https:\/\/suanoticiaaqui.com.br\/news\/wp-json\/wp\/v2\/comments?post=6944"}],"version-history":[{"count":1,"href":"https:\/\/suanoticiaaqui.com.br\/news\/wp-json\/wp\/v2\/posts\/6944\/revisions"}],"predecessor-version":[{"id":6946,"href":"https:\/\/suanoticiaaqui.com.br\/news\/wp-json\/wp\/v2\/posts\/6944\/revisions\/6946"}],"wp:featuredmedia":[{"embeddable":true,"href":"https:\/\/suanoticiaaqui.com.br\/news\/wp-json\/wp\/v2\/media\/6945"}],"wp:attachment":[{"href":"https:\/\/suanoticiaaqui.com.br\/news\/wp-json\/wp\/v2\/media?parent=6944"}],"wp:term":[{"taxonomy":"category","embeddable":true,"href":"https:\/\/suanoticiaaqui.com.br\/news\/wp-json\/wp\/v2\/categories?post=6944"},{"taxonomy":"post_tag","embeddable":true,"href":"https:\/\/suanoticiaaqui.com.br\/news\/wp-json\/wp\/v2\/tags?post=6944"}],"curies":[{"name":"wp","href":"https:\/\/api.w.org\/{rel}","templated":true}]}}