{"id":6947,"date":"2025-07-25T14:13:27","date_gmt":"2025-07-25T18:13:27","guid":{"rendered":"https:\/\/suanoticiaaqui.com.br\/news\/?p=6947"},"modified":"2025-07-25T14:13:27","modified_gmt":"2025-07-25T18:13:27","slug":"mapa-lanca-o-segundo-painel-de-monitoramento-das-tecnologias-de-producao-sustentavel","status":"publish","type":"post","link":"https:\/\/suanoticiaaqui.com.br\/news\/2025\/07\/25\/mapa-lanca-o-segundo-painel-de-monitoramento-das-tecnologias-de-producao-sustentavel\/","title":{"rendered":"Mapa lan\u00e7a o segundo painel de monitoramento das tecnologias de produ\u00e7\u00e3o sustent\u00e1vel"},"content":{"rendered":"\n<p>Por\u00a0<strong>Jessica Beatriz<\/strong><\/p>\n\n\n\n<p>O Minist\u00e9rio da Agricultura e Pecu\u00e1ria lan\u00e7ou, no dia 22 de julho, o segundo painel de monitoramento das tecnologias recomendadas pelo Plano ABC+, relativo \u00e0 termina\u00e7\u00e3o intensiva de bovinos (TI).<\/p>\n\n\n\n<p>Fruto de parceria com o Servi\u00e7o Federal de Processamento de Dados (Serpro) e o Instituto Nacional de Ci\u00eancia e Tecnologia &#8211; Agricultura de Baixa Emiss\u00e3o de Carbono (INCT-ABC), o painel tem impacto relevante no monitoramento das metas de mitiga\u00e7\u00e3o dos gases de efeito estufa previstas no Plano ABC+, especialmente no que diz respeito ao metano ent\u00e9rico, oferecendo informa\u00e7\u00f5es importantes para o setor agropecu\u00e1rio nacional.<\/p>\n\n\n\n<p>O primeiro painel, referente ao monitoramento de pastagens (PRPD), est\u00e1 dispon\u00edvel no portal do Mapa desde 2024. Ambos os pain\u00e9is podem ser acessados pelo link:&nbsp;<a href=\"https:\/\/www.gov.br\/agricultura\/pt-br\/assuntos\/sustentabilidade\/planoabc-abcmais\/abc\/sinabc\/plataforma-abc\">https:\/\/www.gov.br\/agricultura\/pt-br\/assuntos\/sustentabilidade\/planoabc-abcmais\/abc\/sinabc\/plataforma-abc<\/a>.<\/p>\n\n\n\n<p>Esses pain\u00e9is s\u00e3o resultado do trabalho conjunto entre t\u00e9cnicos da Secretaria de Inova\u00e7\u00e3o, Desenvolvimento Sustent\u00e1vel, Irriga\u00e7\u00e3o e Cooperativismo do Mapa, institui\u00e7\u00f5es do setor p\u00fablico e privado e os Grupos Gestores Estaduais do ABC+ (GGEs). As ferramentas s\u00e3o fundamentais para o processo de Monitoramento, Relato e Verifica\u00e7\u00e3o (MRV) das metas estabelecidas pelo Estado brasileiro para adapta\u00e7\u00e3o e mitiga\u00e7\u00e3o, sob a responsabilidade do setor agropecu\u00e1rio nacional.<\/p>\n\n\n\n<p>Plano ABC+<\/p>\n\n\n\n<p>O Plano Setorial de Mitiga\u00e7\u00e3o e de Adapta\u00e7\u00e3o \u00e0s Mudan\u00e7as Clim\u00e1ticas para a Consolida\u00e7\u00e3o de uma Economia de Baixa Emiss\u00e3o de Carbono na Agricultura (ABC+) \u00e9 uma estrat\u00e9gia do Estado brasileiro, elaborada pelo Mapa em parceria com v\u00e1rias institui\u00e7\u00f5es p\u00fablicas e privadas, dos setores produtivo, pesquisa e inova\u00e7\u00e3o. Criado em 2010 e reformulado em 2020, o plano tem como objetivo fomentar a alta efici\u00eancia produtiva.<\/p>\n\n\n\n<p>Por meio da ado\u00e7\u00e3o de pr\u00e1ticas e t\u00e9cnicas com efic\u00e1cia comprovada por pesquisas cient\u00edficas e valida\u00e7\u00e3o em campo, o ABC+ busca reduzir as emiss\u00f5es de gases de efeito estufa na agricultura, conforme previsto na Pol\u00edtica Nacional sobre Mudan\u00e7a do Clima. Al\u00e9m disso, promove a melhoria da efici\u00eancia no uso dos recursos naturais, o aumento da resili\u00eancia dos sistemas produtivos e a adapta\u00e7\u00e3o do setor agropecu\u00e1rio \u00e0s mudan\u00e7as clim\u00e1ticas.<\/p>\n","protected":false},"excerpt":{"rendered":"<p>Por\u00a0Jessica Beatriz O Minist\u00e9rio da Agricultura e Pecu\u00e1ria lan\u00e7ou, no dia 22 de julho, o segundo painel de monitoramento das&hellip;<\/p>\n","protected":false},"author":1,"featured_media":6948,"comment_status":"open","ping_status":"open","sticky":false,"template":"","format":"standard","meta":{"footnotes":""},"categories":[1],"tags":[],"class_list":["post-6947","post","type-post","status-publish","format-standard","has-post-thumbnail","hentry","category-uncategorized"],"_links":{"self":[{"href":"https:\/\/suanoticiaaqui.com.br\/news\/wp-json\/wp\/v2\/posts\/6947","targetHints":{"allow":["GET"]}}],"collection":[{"href":"https:\/\/suanoticiaaqui.com.br\/news\/wp-json\/wp\/v2\/posts"}],"about":[{"href":"https:\/\/suanoticiaaqui.com.br\/news\/wp-json\/wp\/v2\/types\/post"}],"author":[{"embeddable":true,"href":"https:\/\/suanoticiaaqui.com.br\/news\/wp-json\/wp\/v2\/users\/1"}],"replies":[{"embeddable":true,"href":"https:\/\/suanoticiaaqui.com.br\/news\/wp-json\/wp\/v2\/comments?post=6947"}],"version-history":[{"count":1,"href":"https:\/\/suanoticiaaqui.com.br\/news\/wp-json\/wp\/v2\/posts\/6947\/revisions"}],"predecessor-version":[{"id":6949,"href":"https:\/\/suanoticiaaqui.com.br\/news\/wp-json\/wp\/v2\/posts\/6947\/revisions\/6949"}],"wp:featuredmedia":[{"embeddable":true,"href":"https:\/\/suanoticiaaqui.com.br\/news\/wp-json\/wp\/v2\/media\/6948"}],"wp:attachment":[{"href":"https:\/\/suanoticiaaqui.com.br\/news\/wp-json\/wp\/v2\/media?parent=6947"}],"wp:term":[{"taxonomy":"category","embeddable":true,"href":"https:\/\/suanoticiaaqui.com.br\/news\/wp-json\/wp\/v2\/categories?post=6947"},{"taxonomy":"post_tag","embeddable":true,"href":"https:\/\/suanoticiaaqui.com.br\/news\/wp-json\/wp\/v2\/tags?post=6947"}],"curies":[{"name":"wp","href":"https:\/\/api.w.org\/{rel}","templated":true}]}}