{"id":6950,"date":"2025-07-25T14:15:16","date_gmt":"2025-07-25T18:15:16","guid":{"rendered":"https:\/\/suanoticiaaqui.com.br\/news\/?p=6950"},"modified":"2025-07-25T14:15:16","modified_gmt":"2025-07-25T18:15:16","slug":"acusado-de-trafico-de-drogas-e-preso-pelo-sig-na-fronteira-com-o-paraguai","status":"publish","type":"post","link":"https:\/\/suanoticiaaqui.com.br\/news\/2025\/07\/25\/acusado-de-trafico-de-drogas-e-preso-pelo-sig-na-fronteira-com-o-paraguai\/","title":{"rendered":"Acusado de tr\u00e1fico de drogas \u00e9 preso pelo SIG na fronteira com o Paraguai"},"content":{"rendered":"\n<ul class=\"wp-block-list\">\n<li>por Ligado na Noticia<\/li>\n<\/ul>\n\n\n\n<p>Na manh\u00e3 desta quinta-feira (24\/7), agentes do SIG (Setor de Investiga\u00e7\u00f5es Gerais) da 1\u00aa Delegacia de Pol\u00edcia de Ponta Por\u00e3, cumpriram mandado de pris\u00e3o em aberto contra homem de 37 anos, em raz\u00e3o de regress\u00e3o cautelar, decorrente de processo criminal relacionado ao tr\u00e1fico de drogas.<\/p>\n\n\n\n<p>A pris\u00e3o ocorreu no Bairro Residencial Ponta Por\u00e3 I, onde o indiv\u00edduo foi localizado pela equipe de investiga\u00e7\u00e3o.<\/p>\n\n\n\n<p>Ap\u00f3s ser detido, o homem foi encaminhado \u00e0 unidade policial para os procedimentos de praxe e, em seguida, colocado \u00e0 disposi\u00e7\u00e3o da Justi\u00e7a.<\/p>\n","protected":false},"excerpt":{"rendered":"<p>Na manh\u00e3 desta quinta-feira (24\/7), agentes do SIG (Setor de Investiga\u00e7\u00f5es Gerais) da 1\u00aa Delegacia de Pol\u00edcia de Ponta Por\u00e3,&hellip;<\/p>\n","protected":false},"author":1,"featured_media":6951,"comment_status":"open","ping_status":"open","sticky":false,"template":"","format":"standard","meta":{"footnotes":""},"categories":[1],"tags":[],"class_list":["post-6950","post","type-post","status-publish","format-standard","has-post-thumbnail","hentry","category-uncategorized"],"_links":{"self":[{"href":"https:\/\/suanoticiaaqui.com.br\/news\/wp-json\/wp\/v2\/posts\/6950","targetHints":{"allow":["GET"]}}],"collection":[{"href":"https:\/\/suanoticiaaqui.com.br\/news\/wp-json\/wp\/v2\/posts"}],"about":[{"href":"https:\/\/suanoticiaaqui.com.br\/news\/wp-json\/wp\/v2\/types\/post"}],"author":[{"embeddable":true,"href":"https:\/\/suanoticiaaqui.com.br\/news\/wp-json\/wp\/v2\/users\/1"}],"replies":[{"embeddable":true,"href":"https:\/\/suanoticiaaqui.com.br\/news\/wp-json\/wp\/v2\/comments?post=6950"}],"version-history":[{"count":1,"href":"https:\/\/suanoticiaaqui.com.br\/news\/wp-json\/wp\/v2\/posts\/6950\/revisions"}],"predecessor-version":[{"id":6952,"href":"https:\/\/suanoticiaaqui.com.br\/news\/wp-json\/wp\/v2\/posts\/6950\/revisions\/6952"}],"wp:featuredmedia":[{"embeddable":true,"href":"https:\/\/suanoticiaaqui.com.br\/news\/wp-json\/wp\/v2\/media\/6951"}],"wp:attachment":[{"href":"https:\/\/suanoticiaaqui.com.br\/news\/wp-json\/wp\/v2\/media?parent=6950"}],"wp:term":[{"taxonomy":"category","embeddable":true,"href":"https:\/\/suanoticiaaqui.com.br\/news\/wp-json\/wp\/v2\/categories?post=6950"},{"taxonomy":"post_tag","embeddable":true,"href":"https:\/\/suanoticiaaqui.com.br\/news\/wp-json\/wp\/v2\/tags?post=6950"}],"curies":[{"name":"wp","href":"https:\/\/api.w.org\/{rel}","templated":true}]}}