{"id":6953,"date":"2025-07-25T14:16:10","date_gmt":"2025-07-25T18:16:10","guid":{"rendered":"https:\/\/suanoticiaaqui.com.br\/news\/?p=6953"},"modified":"2025-07-25T14:16:10","modified_gmt":"2025-07-25T18:16:10","slug":"duplicacao-da-aziz-rasselen-avanca-e-ja-muda-cenario-proximo-ao-parque-antenor-martins","status":"publish","type":"post","link":"https:\/\/suanoticiaaqui.com.br\/news\/2025\/07\/25\/duplicacao-da-aziz-rasselen-avanca-e-ja-muda-cenario-proximo-ao-parque-antenor-martins\/","title":{"rendered":"Duplica\u00e7\u00e3o da Aziz Rasselen avan\u00e7a e j\u00e1 muda cen\u00e1rio pr\u00f3ximo ao Parque Antenor Martins"},"content":{"rendered":"\n<ul class=\"wp-block-list\">\n<li>\u00a0por Ligado na Noticia<\/li>\n<\/ul>\n\n\n\n<p>O prefeito Mar\u00e7al Filho vistoriou na manh\u00e3 desta sexta-feira (25) o avan\u00e7o das obras de duplica\u00e7\u00e3o da Rua Aziz Rasselen, localizada ao lado do Parque Antenor Martins e que foi o primeiro grande projeto de infraestrutura iniciado pela atual gest\u00e3o. A via, que j\u00e1 recebe a aplica\u00e7\u00e3o da capa asf\u00e1ltica em um extenso trecho, representa mais um investimento em infraestrutura urbana e mobilidade em Dourados.<\/p>\n\n\n\n<p>Durante a vistoria t\u00e9cnica, o prefeito destacou o impacto positivo que a obra trar\u00e1 para a cidade e como vai agregar tamb\u00e9m por estar localizada a um ponto tur\u00edstico refer\u00eancia da cidade. \u201cEssa avenida que estamos fazendo ao lado do Parque Antenor Martins, pr\u00f3ximo ao Parque do Lago, ser\u00e1 uma pista dupla com estacionamento para os frequentadores\u201d, enfatizou. \u201cBoa parte da capa asf\u00e1ltica j\u00e1 est\u00e1 sendo lan\u00e7ada, o ch\u00e3o est\u00e1 ficando preto, j\u00e1 \u00e9 poss\u00edvel ver o avan\u00e7o e as m\u00e1quinas n\u00e3o param e vai ficar muito bonito aqui\u201d, afirmou.<\/p>\n\n\n\n<p>Com investimento de R$ 7,5 milh\u00f5es, a obra j\u00e1 est\u00e1 com aproximadamente 50% de execu\u00e7\u00e3o. O projeto prev\u00ea a conex\u00e3o da Rua Aziz Rasselen \u00e0 Via Parque do \u00c1gua Boa, criando uma via expressa que ir\u00e1 interligar o Aeroporto Regional at\u00e9 a BR-463, na sa\u00edda para Ponta Por\u00e3, atravessando toda a cidade.<\/p>\n\n\n\n<p>Quando estiver conclu\u00edda, a Aziz Rasselen dar\u00e1 acesso a uma grande via expressa que vai desafogar o tr\u00e1fego naquela regi\u00e3o de Dourados. \u201cEssa obra vai seguir at\u00e9 a Via Parque \u00c1gua Boa, uma outra avenida que tamb\u00e9m estamos abrindo\u201d, explica o prefeito. \u201c\u00c9 infraestrutura de verdade, que vai fazer a diferen\u00e7a\u201d, continua. \u201cEsse trecho \u00e9 parte de um projeto mais amplo, inserido dentro de um contexto evolutivo para a mobilidade da nossa cidade\u201d, completou Mar\u00e7al Filho.<\/p>\n\n\n\n<p>A duplica\u00e7\u00e3o da via beneficiar\u00e1 diretamente moradores, motoristas e visitantes, ampliando a fluidez do tr\u00e2nsito e promovendo mais seguran\u00e7a e comodidade para quem circula pela regi\u00e3o. Diante das melhorias no local, vale alertar aos motoristas que trecho da rua Ant\u00f4nio Em\u00edlio de Figueiredo, nas proximidades do Parque Antenor Martins est\u00e1 interditada devido \u00e0s obras. \u00c9 necess\u00e1rio que quem trafegue pelo local opte por vias alternativas.<\/p>\n","protected":false},"excerpt":{"rendered":"<p>O prefeito Mar\u00e7al Filho vistoriou na manh\u00e3 desta sexta-feira (25) o avan\u00e7o das obras de duplica\u00e7\u00e3o da Rua Aziz Rasselen,&hellip;<\/p>\n","protected":false},"author":1,"featured_media":6954,"comment_status":"open","ping_status":"open","sticky":false,"template":"","format":"standard","meta":{"footnotes":""},"categories":[1],"tags":[],"class_list":["post-6953","post","type-post","status-publish","format-standard","has-post-thumbnail","hentry","category-uncategorized"],"_links":{"self":[{"href":"https:\/\/suanoticiaaqui.com.br\/news\/wp-json\/wp\/v2\/posts\/6953","targetHints":{"allow":["GET"]}}],"collection":[{"href":"https:\/\/suanoticiaaqui.com.br\/news\/wp-json\/wp\/v2\/posts"}],"about":[{"href":"https:\/\/suanoticiaaqui.com.br\/news\/wp-json\/wp\/v2\/types\/post"}],"author":[{"embeddable":true,"href":"https:\/\/suanoticiaaqui.com.br\/news\/wp-json\/wp\/v2\/users\/1"}],"replies":[{"embeddable":true,"href":"https:\/\/suanoticiaaqui.com.br\/news\/wp-json\/wp\/v2\/comments?post=6953"}],"version-history":[{"count":1,"href":"https:\/\/suanoticiaaqui.com.br\/news\/wp-json\/wp\/v2\/posts\/6953\/revisions"}],"predecessor-version":[{"id":6955,"href":"https:\/\/suanoticiaaqui.com.br\/news\/wp-json\/wp\/v2\/posts\/6953\/revisions\/6955"}],"wp:featuredmedia":[{"embeddable":true,"href":"https:\/\/suanoticiaaqui.com.br\/news\/wp-json\/wp\/v2\/media\/6954"}],"wp:attachment":[{"href":"https:\/\/suanoticiaaqui.com.br\/news\/wp-json\/wp\/v2\/media?parent=6953"}],"wp:term":[{"taxonomy":"category","embeddable":true,"href":"https:\/\/suanoticiaaqui.com.br\/news\/wp-json\/wp\/v2\/categories?post=6953"},{"taxonomy":"post_tag","embeddable":true,"href":"https:\/\/suanoticiaaqui.com.br\/news\/wp-json\/wp\/v2\/tags?post=6953"}],"curies":[{"name":"wp","href":"https:\/\/api.w.org\/{rel}","templated":true}]}}