{"id":6956,"date":"2025-07-25T14:17:04","date_gmt":"2025-07-25T18:17:04","guid":{"rendered":"https:\/\/suanoticiaaqui.com.br\/news\/?p=6956"},"modified":"2025-07-25T14:17:04","modified_gmt":"2025-07-25T18:17:04","slug":"governo-lula-improvisa-resposta-ao-tarifaco-dos-eua-com-promessa-de-credito","status":"publish","type":"post","link":"https:\/\/suanoticiaaqui.com.br\/news\/2025\/07\/25\/governo-lula-improvisa-resposta-ao-tarifaco-dos-eua-com-promessa-de-credito\/","title":{"rendered":"Governo Lula improvisa resposta ao tarifa\u00e7o dos EUA com promessa de cr\u00e9dito"},"content":{"rendered":"\n<p>Sem solu\u00e7\u00f5es concretas, Haddad admite que pacote ainda depende de aval presidencial<\/p>\n\n\n\n<ul class=\"wp-block-list\">\n<li><a href=\"https:\/\/bradockshow.com.br\/author\/marcotoledo\/\"><\/a>por <a href=\"https:\/\/bradockshow.com.br\/author\/marcotoledo\/\">Marco Toledo<\/a><\/li>\n<\/ul>\n\n\n\n<p>O ministro da Fazenda, Fernando Haddad, revelou nesta quinta-feira (24) que o governo estuda uma s\u00e9rie de medidas para tentar mitigar os impactos do tarifa\u00e7o imposto pelos EUA, que entrar\u00e1 em vigor em 1\u00ba de agosto.<\/p>\n\n\n\n<p>Entre as promessas, est\u00e1 uma linha de cr\u00e9dito \u00e0s empresas prejudicadas, mas o pacote ainda carece de aprova\u00e7\u00e3o do presidente Lula, que avalia a \u201cconveni\u00eancia\u201d da proposta.<\/p>\n\n\n\n<p>Sem detalhes, Haddad afirmou que o \u201cpapel t\u00e9cnico est\u00e1 feito\u201d, mas que a decis\u00e3o \u00e9 pol\u00edtica. A inseguran\u00e7a jur\u00eddica preocupa empresas brasileiras e americanas, j\u00e1 que contratos firmados antes da taxa\u00e7\u00e3o est\u00e3o amea\u00e7ados.<\/p>\n\n\n\n<p>O governo recorreu \u00e0 OMC, enquanto a orienta\u00e7\u00e3o oficial \u00e9 que as empresas busquem respaldo na Justi\u00e7a dos EUA. \u201cOs contratos n\u00e3o est\u00e3o sendo respeitados\u201d, disse Haddad, citando a Embraer e exportadoras de suco. O governo, por\u00e9m, ainda patina na efetividade.<\/p>\n","protected":false},"excerpt":{"rendered":"<p>Sem solu\u00e7\u00f5es concretas, Haddad admite que pacote ainda depende de aval presidencial O ministro da Fazenda, Fernando Haddad, revelou nesta&hellip;<\/p>\n","protected":false},"author":1,"featured_media":6957,"comment_status":"open","ping_status":"open","sticky":false,"template":"","format":"standard","meta":{"footnotes":""},"categories":[1],"tags":[],"class_list":["post-6956","post","type-post","status-publish","format-standard","has-post-thumbnail","hentry","category-uncategorized"],"_links":{"self":[{"href":"https:\/\/suanoticiaaqui.com.br\/news\/wp-json\/wp\/v2\/posts\/6956","targetHints":{"allow":["GET"]}}],"collection":[{"href":"https:\/\/suanoticiaaqui.com.br\/news\/wp-json\/wp\/v2\/posts"}],"about":[{"href":"https:\/\/suanoticiaaqui.com.br\/news\/wp-json\/wp\/v2\/types\/post"}],"author":[{"embeddable":true,"href":"https:\/\/suanoticiaaqui.com.br\/news\/wp-json\/wp\/v2\/users\/1"}],"replies":[{"embeddable":true,"href":"https:\/\/suanoticiaaqui.com.br\/news\/wp-json\/wp\/v2\/comments?post=6956"}],"version-history":[{"count":1,"href":"https:\/\/suanoticiaaqui.com.br\/news\/wp-json\/wp\/v2\/posts\/6956\/revisions"}],"predecessor-version":[{"id":6958,"href":"https:\/\/suanoticiaaqui.com.br\/news\/wp-json\/wp\/v2\/posts\/6956\/revisions\/6958"}],"wp:featuredmedia":[{"embeddable":true,"href":"https:\/\/suanoticiaaqui.com.br\/news\/wp-json\/wp\/v2\/media\/6957"}],"wp:attachment":[{"href":"https:\/\/suanoticiaaqui.com.br\/news\/wp-json\/wp\/v2\/media?parent=6956"}],"wp:term":[{"taxonomy":"category","embeddable":true,"href":"https:\/\/suanoticiaaqui.com.br\/news\/wp-json\/wp\/v2\/categories?post=6956"},{"taxonomy":"post_tag","embeddable":true,"href":"https:\/\/suanoticiaaqui.com.br\/news\/wp-json\/wp\/v2\/tags?post=6956"}],"curies":[{"name":"wp","href":"https:\/\/api.w.org\/{rel}","templated":true}]}}