{"id":6959,"date":"2025-07-25T14:36:26","date_gmt":"2025-07-25T18:36:26","guid":{"rendered":"https:\/\/suanoticiaaqui.com.br\/news\/?p=6959"},"modified":"2025-07-25T14:36:26","modified_gmt":"2025-07-25T18:36:26","slug":"braga-netto-cobra-tratamento-igual-ao-de-bolsonaro-e-pede-conversao-da-prisao-preventiva","status":"publish","type":"post","link":"https:\/\/suanoticiaaqui.com.br\/news\/2025\/07\/25\/braga-netto-cobra-tratamento-igual-ao-de-bolsonaro-e-pede-conversao-da-prisao-preventiva\/","title":{"rendered":"Braga Netto cobra tratamento igual ao de Bolsonaro e pede convers\u00e3o da pris\u00e3o preventiva"},"content":{"rendered":"\n<p>Defesa argumenta que princ\u00edpio da isonomia deve valer para todos, inclusive para militares; Moraes decidir\u00e1<\/p>\n\n\n\n<ul class=\"wp-block-list\">\n<li><a href=\"https:\/\/bradockshow.com.br\/author\/marcotoledo\/\"><\/a>por <a href=\"https:\/\/bradockshow.com.br\/author\/marcotoledo\/\">Marco Toledo<\/a><\/li>\n<\/ul>\n\n\n\n<p>A defesa do general Walter Braga Netto solicitou ao Supremo Tribunal Federal a substitui\u00e7\u00e3o de sua pris\u00e3o preventiva por medidas cautelares, invocando o princ\u00edpio constitucional da isonomia.<\/p>\n\n\n\n<p>O argumento \u00e9 direto: se o ex-presidente Jair Bolsonaro, acusado de conduta semelhante, recebeu tornozeleira eletr\u00f4nica, o mesmo deveria se aplicar ao general. \u201cA manuten\u00e7\u00e3o da pris\u00e3o do Requerente n\u00e3o se mostra ison\u00f4mica\u201d, afirma o pedido.<\/p>\n\n\n\n<p>Braga Netto est\u00e1 preso desde dezembro, acusado de tentar acessar ilegalmente trechos da dela\u00e7\u00e3o do tenente-coronel Mauro Cid.<\/p>\n\n\n\n<p>A Procuradoria-Geral da Rep\u00fablica, que j\u00e1 defendeu medidas alternativas para Bolsonaro, dever\u00e1 se manifestar sobre o novo pedido. A decis\u00e3o caber\u00e1 ao ministro Alexandre de Moraes.<\/p>\n\n\n\n<p>A defesa sustenta que, ap\u00f3s mais de 220 dias detido, n\u00e3o h\u00e1 fatos novos ou riscos concretos que justifiquem a pris\u00e3o. O processo segue cercado de contesta\u00e7\u00f5es jur\u00eddicas e cr\u00edticas \u00e0 condu\u00e7\u00e3o do caso.<\/p>\n","protected":false},"excerpt":{"rendered":"<p>Defesa argumenta que princ\u00edpio da isonomia deve valer para todos, inclusive para militares; Moraes decidir\u00e1 A defesa do general Walter&hellip;<\/p>\n","protected":false},"author":1,"featured_media":6960,"comment_status":"open","ping_status":"open","sticky":false,"template":"","format":"standard","meta":{"footnotes":""},"categories":[1],"tags":[],"class_list":["post-6959","post","type-post","status-publish","format-standard","has-post-thumbnail","hentry","category-uncategorized"],"_links":{"self":[{"href":"https:\/\/suanoticiaaqui.com.br\/news\/wp-json\/wp\/v2\/posts\/6959","targetHints":{"allow":["GET"]}}],"collection":[{"href":"https:\/\/suanoticiaaqui.com.br\/news\/wp-json\/wp\/v2\/posts"}],"about":[{"href":"https:\/\/suanoticiaaqui.com.br\/news\/wp-json\/wp\/v2\/types\/post"}],"author":[{"embeddable":true,"href":"https:\/\/suanoticiaaqui.com.br\/news\/wp-json\/wp\/v2\/users\/1"}],"replies":[{"embeddable":true,"href":"https:\/\/suanoticiaaqui.com.br\/news\/wp-json\/wp\/v2\/comments?post=6959"}],"version-history":[{"count":1,"href":"https:\/\/suanoticiaaqui.com.br\/news\/wp-json\/wp\/v2\/posts\/6959\/revisions"}],"predecessor-version":[{"id":6961,"href":"https:\/\/suanoticiaaqui.com.br\/news\/wp-json\/wp\/v2\/posts\/6959\/revisions\/6961"}],"wp:featuredmedia":[{"embeddable":true,"href":"https:\/\/suanoticiaaqui.com.br\/news\/wp-json\/wp\/v2\/media\/6960"}],"wp:attachment":[{"href":"https:\/\/suanoticiaaqui.com.br\/news\/wp-json\/wp\/v2\/media?parent=6959"}],"wp:term":[{"taxonomy":"category","embeddable":true,"href":"https:\/\/suanoticiaaqui.com.br\/news\/wp-json\/wp\/v2\/categories?post=6959"},{"taxonomy":"post_tag","embeddable":true,"href":"https:\/\/suanoticiaaqui.com.br\/news\/wp-json\/wp\/v2\/tags?post=6959"}],"curies":[{"name":"wp","href":"https:\/\/api.w.org\/{rel}","templated":true}]}}