{"id":6962,"date":"2025-07-25T14:37:29","date_gmt":"2025-07-25T18:37:29","guid":{"rendered":"https:\/\/suanoticiaaqui.com.br\/news\/?p=6962"},"modified":"2025-07-25T14:37:29","modified_gmt":"2025-07-25T18:37:29","slug":"objetos-furtados-sao-recuperados-e-suspeito-preso","status":"publish","type":"post","link":"https:\/\/suanoticiaaqui.com.br\/news\/2025\/07\/25\/objetos-furtados-sao-recuperados-e-suspeito-preso\/","title":{"rendered":"Objetos furtados s\u00e3o recuperados e suspeito preso"},"content":{"rendered":"\n<p>por Ligado na Noticia<\/p>\n\n\n\n<p>Na noite desta ter\u00e7a-feira (22), equipes da For\u00e7a T\u00e1tica da Pol\u00edcia Militar, com apoio da Pol\u00edcia Civil (SIG), prenderam um homem por furto, recuperaram v\u00e1rios objetos furtados e identificaram o poss\u00edvel receptador, durante dilig\u00eancias realizadas no bairro Industrial de Lourdes, em Parana\u00edba.<\/p>\n\n\n\n<p>Os policiais militares, em patrulhamento ostensivo, avistaram um indiv\u00edduo em atitude suspeita carregando um objeto, que ao perceber a aproxima\u00e7\u00e3o da viatura jogou o item em um terreno baldio e tentou fugir. Ele foi abordado e identificado, sendo indiv\u00edduos j\u00e1 conhecido no meio policial por diversos furtos. No local, foi localizada uma lixadeira marca Makita, que ele n\u00e3o soube explicar a proced\u00eancia, apresentando vers\u00f5es contradit\u00f3rias.<\/p>\n\n\n\n<p>Durante entrevista, o homem revelou que outros materiais furtados estariam em posse de um homem que costuma receptar os produtos que subtrai. Em dilig\u00eancia conjunta com o SIG da Pol\u00edcia Civil, os policiais foram at\u00e9 uma resid\u00eancia na Avenida Paran\u00e1, onde foram recebidos pela filha do suspeito, que autorizou a entrada da equipe.<\/p>\n\n\n\n<p>No im\u00f3vel, foram encontrados e apreendidos: 02 televisores (Smart TVs LG); 01 furadeira; 01 motosserra Stihl; 01 espingarda artesanal calibre .22 com materiais de manuten\u00e7\u00e3o; 01 micro system LG com caixas de som; e 02 aparelhos celulares.<\/p>\n\n\n\n<p>Os televisores foram reconhecidos como objetos furtados registrados nos boletins de ocorr\u00eancia j\u00e1 existentes, foram solicitadas aos familiares do suspeito notas fiscais dos outros objetos, que n\u00e3o foram apresentadas, e, portanto foram apreendidos os objetos para averigua\u00e7\u00e3o de algum ind\u00edcio criminal. O suspeito de recepta\u00e7\u00e3o n\u00e3o estava no local, mas responder\u00e1 criminalmente pelos fatos constatados. J\u00e1 indiv\u00edduo inicialmente abordado foi preso pela pr\u00e1tica de furto e foi encaminhado \u00e0 Delegacia de Pol\u00edcia Civil.<\/p>\n","protected":false},"excerpt":{"rendered":"<p>por Ligado na Noticia Na noite desta ter\u00e7a-feira (22), equipes da For\u00e7a T\u00e1tica da Pol\u00edcia Militar, com apoio da Pol\u00edcia&hellip;<\/p>\n","protected":false},"author":1,"featured_media":6963,"comment_status":"open","ping_status":"open","sticky":false,"template":"","format":"standard","meta":{"footnotes":""},"categories":[1],"tags":[],"class_list":["post-6962","post","type-post","status-publish","format-standard","has-post-thumbnail","hentry","category-uncategorized"],"_links":{"self":[{"href":"https:\/\/suanoticiaaqui.com.br\/news\/wp-json\/wp\/v2\/posts\/6962","targetHints":{"allow":["GET"]}}],"collection":[{"href":"https:\/\/suanoticiaaqui.com.br\/news\/wp-json\/wp\/v2\/posts"}],"about":[{"href":"https:\/\/suanoticiaaqui.com.br\/news\/wp-json\/wp\/v2\/types\/post"}],"author":[{"embeddable":true,"href":"https:\/\/suanoticiaaqui.com.br\/news\/wp-json\/wp\/v2\/users\/1"}],"replies":[{"embeddable":true,"href":"https:\/\/suanoticiaaqui.com.br\/news\/wp-json\/wp\/v2\/comments?post=6962"}],"version-history":[{"count":1,"href":"https:\/\/suanoticiaaqui.com.br\/news\/wp-json\/wp\/v2\/posts\/6962\/revisions"}],"predecessor-version":[{"id":6964,"href":"https:\/\/suanoticiaaqui.com.br\/news\/wp-json\/wp\/v2\/posts\/6962\/revisions\/6964"}],"wp:featuredmedia":[{"embeddable":true,"href":"https:\/\/suanoticiaaqui.com.br\/news\/wp-json\/wp\/v2\/media\/6963"}],"wp:attachment":[{"href":"https:\/\/suanoticiaaqui.com.br\/news\/wp-json\/wp\/v2\/media?parent=6962"}],"wp:term":[{"taxonomy":"category","embeddable":true,"href":"https:\/\/suanoticiaaqui.com.br\/news\/wp-json\/wp\/v2\/categories?post=6962"},{"taxonomy":"post_tag","embeddable":true,"href":"https:\/\/suanoticiaaqui.com.br\/news\/wp-json\/wp\/v2\/tags?post=6962"}],"curies":[{"name":"wp","href":"https:\/\/api.w.org\/{rel}","templated":true}]}}