{"id":6965,"date":"2025-07-25T14:38:29","date_gmt":"2025-07-25T18:38:29","guid":{"rendered":"https:\/\/suanoticiaaqui.com.br\/news\/?p=6965"},"modified":"2025-07-25T14:38:29","modified_gmt":"2025-07-25T18:38:29","slug":"contratacao-emergencial-no-hospital-regional-e-alvo-de-investigacao-do-mp","status":"publish","type":"post","link":"https:\/\/suanoticiaaqui.com.br\/news\/2025\/07\/25\/contratacao-emergencial-no-hospital-regional-e-alvo-de-investigacao-do-mp\/","title":{"rendered":"Contrata\u00e7\u00e3o emergencial no Hospital Regional \u00e9 alvo de investiga\u00e7\u00e3o do MP"},"content":{"rendered":"\n<ul class=\"wp-block-list\">\n<li>por Luiz Guilherme<\/li>\n<\/ul>\n\n\n\n<p>A 1\u00aa Promotoria de Justi\u00e7a dos Direitos Constitucionais do Cidad\u00e3o de Ponta Por\u00e3 tornou p\u00fablica a instaura\u00e7\u00e3o de inqu\u00e9rito civil para investigar a contrata\u00e7\u00e3o emergencial de uma nova OS (Organiza\u00e7\u00e3o Social) pela SES (Secretaria Estadual de Sa\u00fade), respons\u00e1vel pela gest\u00e3o do HR (Hospital Regional) do munic\u00edpio.<\/p>\n\n\n\n<p>O procedimento foi aberto ap\u00f3s o encerramento do contrato firmado em 2019 com um instituto, que geria a unidade hospitalar.<\/p>\n\n\n\n<p>O inqu\u00e9rito \u00e9 para esclarecer os motivos que levaram a Secretaria Estadual de Sa\u00fade a optar por uma nova contrata\u00e7\u00e3o emergencial, em vez da realiza\u00e7\u00e3o de novo chamamento p\u00fablico, conforme exige a legisla\u00e7\u00e3o estadual e federal que rege as parcerias com organiza\u00e7\u00f5es sociais. Para o MP (Minist\u00e9rio P\u00fablico), ainda n\u00e3o est\u00e3o claros os fundamentos legais ou f\u00e1ticos que justificariam a medida excepcional adotada pela administra\u00e7\u00e3o estadual.<\/p>\n\n\n\n<p>Durante reuni\u00e3o recente com representantes de conselhos municipais de sa\u00fade e gestores da regi\u00e3o, foi revelado que nenhum dos presentes tinha conhecimento pr\u00e9vio da mudan\u00e7a na gest\u00e3o do hospital, o que levantou questionamentos quanto \u00e0 falta de transpar\u00eancia no processo. O tema voltou a ser discutido na Reuni\u00e3o Ordin\u00e1ria do Conselho Municipal de Sa\u00fade de Ponta Por\u00e3, onde foi refor\u00e7ada a preocupa\u00e7\u00e3o com a aus\u00eancia de participa\u00e7\u00e3o comunit\u00e1ria na decis\u00e3o.<\/p>\n\n\n\n<p><strong>Provid\u00eancias<\/strong><\/p>\n\n\n\n<p>A 1\u00aa Promotoria de Justi\u00e7a dos Direitos Constitucionais do Cidad\u00e3o de Ponta Por\u00e3 solicitou formalmente informa\u00e7\u00f5es detalhadas \u00e0 SES e ao instituto, incluindo c\u00f3pia do contrato original e seus aditivos, relat\u00f3rios de acompanhamento, justificativas para o encerramento da parceria, al\u00e9m de esclarecimentos sobre eventuais impasses financeiros e a forma de transi\u00e7\u00e3o dos servi\u00e7os prestados. A nova organiza\u00e7\u00e3o social contratada pela SES tamb\u00e9m dever\u00e1 ser identificada, com a indica\u00e7\u00e3o dos crit\u00e9rios utilizados para sua escolha.<\/p>\n\n\n\n<p>O Minist\u00e9rio P\u00fablico ressalta que a celebra\u00e7\u00e3o de contrato emergencial \u00e9 uma medida excepcional, limitada a 180 dias, e s\u00f3 deve ser utilizada em situa\u00e7\u00f5es devidamente justificadas e de extrema necessidade, como forma de garantir a continuidade dos servi\u00e7os essenciais \u00e0 popula\u00e7\u00e3o. A apura\u00e7\u00e3o visa ainda garantir a efetiva fiscaliza\u00e7\u00e3o dos atos administrativos e o respeito aos princ\u00edpios da legalidade e da publicidade.<\/p>\n\n\n\n<p>Ao final das investiga\u00e7\u00f5es, o \u00f3rg\u00e3o avaliar\u00e1 a necessidade de celebra\u00e7\u00e3o de TAC (Termo de Ajustamento de Conduta) para regularizar a situa\u00e7\u00e3o, do ajuizamento de a\u00e7\u00e3o civil p\u00fablica ou do arquivamento do procedimento, a depender dos esclarecimentos prestados e da legalidade verificada.<\/p>\n","protected":false},"excerpt":{"rendered":"<p>A 1\u00aa Promotoria de Justi\u00e7a dos Direitos Constitucionais do Cidad\u00e3o de Ponta Por\u00e3 tornou p\u00fablica a instaura\u00e7\u00e3o de inqu\u00e9rito civil&hellip;<\/p>\n","protected":false},"author":1,"featured_media":6966,"comment_status":"open","ping_status":"open","sticky":false,"template":"","format":"standard","meta":{"footnotes":""},"categories":[1],"tags":[],"class_list":["post-6965","post","type-post","status-publish","format-standard","has-post-thumbnail","hentry","category-uncategorized"],"_links":{"self":[{"href":"https:\/\/suanoticiaaqui.com.br\/news\/wp-json\/wp\/v2\/posts\/6965","targetHints":{"allow":["GET"]}}],"collection":[{"href":"https:\/\/suanoticiaaqui.com.br\/news\/wp-json\/wp\/v2\/posts"}],"about":[{"href":"https:\/\/suanoticiaaqui.com.br\/news\/wp-json\/wp\/v2\/types\/post"}],"author":[{"embeddable":true,"href":"https:\/\/suanoticiaaqui.com.br\/news\/wp-json\/wp\/v2\/users\/1"}],"replies":[{"embeddable":true,"href":"https:\/\/suanoticiaaqui.com.br\/news\/wp-json\/wp\/v2\/comments?post=6965"}],"version-history":[{"count":1,"href":"https:\/\/suanoticiaaqui.com.br\/news\/wp-json\/wp\/v2\/posts\/6965\/revisions"}],"predecessor-version":[{"id":6967,"href":"https:\/\/suanoticiaaqui.com.br\/news\/wp-json\/wp\/v2\/posts\/6965\/revisions\/6967"}],"wp:featuredmedia":[{"embeddable":true,"href":"https:\/\/suanoticiaaqui.com.br\/news\/wp-json\/wp\/v2\/media\/6966"}],"wp:attachment":[{"href":"https:\/\/suanoticiaaqui.com.br\/news\/wp-json\/wp\/v2\/media?parent=6965"}],"wp:term":[{"taxonomy":"category","embeddable":true,"href":"https:\/\/suanoticiaaqui.com.br\/news\/wp-json\/wp\/v2\/categories?post=6965"},{"taxonomy":"post_tag","embeddable":true,"href":"https:\/\/suanoticiaaqui.com.br\/news\/wp-json\/wp\/v2\/tags?post=6965"}],"curies":[{"name":"wp","href":"https:\/\/api.w.org\/{rel}","templated":true}]}}