{"id":6971,"date":"2025-07-25T14:41:34","date_gmt":"2025-07-25T18:41:34","guid":{"rendered":"https:\/\/suanoticiaaqui.com.br\/news\/?p=6971"},"modified":"2025-07-25T14:41:34","modified_gmt":"2025-07-25T18:41:34","slug":"a-opiniao-dos-brasileiros-sobre-as-medidas-cautelares","status":"publish","type":"post","link":"https:\/\/suanoticiaaqui.com.br\/news\/2025\/07\/25\/a-opiniao-dos-brasileiros-sobre-as-medidas-cautelares\/","title":{"rendered":"A opini\u00e3o dos brasileiros sobre as medidas cautelares"},"content":{"rendered":"\n<p>Pesquisa aponta que maioria dos eleitores de centro considera san\u00e7\u00f5es a Bolsonaro como leves ou adequadas<\/p>\n\n\n\n<ul class=\"wp-block-list\">\n<li><a href=\"https:\/\/bradockshow.com.br\/author\/marcotoledo\/\"><\/a>por <a href=\"https:\/\/bradockshow.com.br\/author\/marcotoledo\/\">Marco Toledo<\/a><\/li>\n<\/ul>\n\n\n\n<p>Levantamento Pulso Brasil\/Ipespe ouviu a popula\u00e7\u00e3o sobre as medidas cautelares impostas pelo ministro Alexandre de Moraes ao ex-presidente Jair Bolsonaro.<\/p>\n\n\n\n<p>As san\u00e7\u00f5es incluem o uso de tornozeleira eletr\u00f4nica, recolhimento noturno e proibi\u00e7\u00e3o indireta de entrevistas, j\u00e1 que podem ser replicadas nas redes sociais.<\/p>\n\n\n\n<p>Segundo o levantamento, 29% consideram as medidas \u201cadequadas\u201d e 25% as classificam como \u201cleves\u201d.<\/p>\n\n\n\n<p>Juntos, somam 54% dos entrevistados. Por outro lado, 30% avaliam como \u201cdescabidas\u201d e 13% como \u201cexageradas\u201d, totalizando 43% de reprova\u00e7\u00e3o \u00e0 decis\u00e3o de Moraes.<\/p>\n\n\n\n<p>Entre eleitores de direita, 85% reprovam as medidas. Na esquerda, 96% apoiam. J\u00e1 no centro pol\u00edtico, grupo decisivo nas elei\u00e7\u00f5es, 68% veem as san\u00e7\u00f5es como adequadas ou leves, \u00edndice superior \u00e0 m\u00e9dia nacional.<\/p>\n\n\n\n<p>O dado indica que Bolsonaro se distancia do eleitor moderado ao enfrentar o STF.<\/p>\n","protected":false},"excerpt":{"rendered":"<p>Pesquisa aponta que maioria dos eleitores de centro considera san\u00e7\u00f5es a Bolsonaro como leves ou adequadas Levantamento Pulso Brasil\/Ipespe ouviu&hellip;<\/p>\n","protected":false},"author":1,"featured_media":6972,"comment_status":"open","ping_status":"open","sticky":false,"template":"","format":"standard","meta":{"footnotes":""},"categories":[1],"tags":[],"class_list":["post-6971","post","type-post","status-publish","format-standard","has-post-thumbnail","hentry","category-uncategorized"],"_links":{"self":[{"href":"https:\/\/suanoticiaaqui.com.br\/news\/wp-json\/wp\/v2\/posts\/6971","targetHints":{"allow":["GET"]}}],"collection":[{"href":"https:\/\/suanoticiaaqui.com.br\/news\/wp-json\/wp\/v2\/posts"}],"about":[{"href":"https:\/\/suanoticiaaqui.com.br\/news\/wp-json\/wp\/v2\/types\/post"}],"author":[{"embeddable":true,"href":"https:\/\/suanoticiaaqui.com.br\/news\/wp-json\/wp\/v2\/users\/1"}],"replies":[{"embeddable":true,"href":"https:\/\/suanoticiaaqui.com.br\/news\/wp-json\/wp\/v2\/comments?post=6971"}],"version-history":[{"count":1,"href":"https:\/\/suanoticiaaqui.com.br\/news\/wp-json\/wp\/v2\/posts\/6971\/revisions"}],"predecessor-version":[{"id":6973,"href":"https:\/\/suanoticiaaqui.com.br\/news\/wp-json\/wp\/v2\/posts\/6971\/revisions\/6973"}],"wp:featuredmedia":[{"embeddable":true,"href":"https:\/\/suanoticiaaqui.com.br\/news\/wp-json\/wp\/v2\/media\/6972"}],"wp:attachment":[{"href":"https:\/\/suanoticiaaqui.com.br\/news\/wp-json\/wp\/v2\/media?parent=6971"}],"wp:term":[{"taxonomy":"category","embeddable":true,"href":"https:\/\/suanoticiaaqui.com.br\/news\/wp-json\/wp\/v2\/categories?post=6971"},{"taxonomy":"post_tag","embeddable":true,"href":"https:\/\/suanoticiaaqui.com.br\/news\/wp-json\/wp\/v2\/tags?post=6971"}],"curies":[{"name":"wp","href":"https:\/\/api.w.org\/{rel}","templated":true}]}}