{"id":6974,"date":"2025-07-25T14:42:28","date_gmt":"2025-07-25T18:42:28","guid":{"rendered":"https:\/\/suanoticiaaqui.com.br\/news\/?p=6974"},"modified":"2025-07-25T14:42:28","modified_gmt":"2025-07-25T18:42:28","slug":"lula-abandona-alianca-em-memoria-do-holocausto-e-ataca-israel-na-onu","status":"publish","type":"post","link":"https:\/\/suanoticiaaqui.com.br\/news\/2025\/07\/25\/lula-abandona-alianca-em-memoria-do-holocausto-e-ataca-israel-na-onu\/","title":{"rendered":"Lula abandona alian\u00e7a em mem\u00f3ria do Holocausto e ataca Israel na ONU"},"content":{"rendered":"\n<p>Retirada da IHRA e ades\u00e3o \u00e0 a\u00e7\u00e3o na Corte Internacional contra Israel geram rep\u00fadio internacional e den\u00fancia de \u201cfalha moral\u201d<\/p>\n\n\n\n<ul class=\"wp-block-list\">\n<li><a href=\"https:\/\/bradockshow.com.br\/author\/marcotoledo\/\"><\/a>por <a href=\"https:\/\/bradockshow.com.br\/author\/marcotoledo\/\">Marco Toledo<\/a><\/li>\n<\/ul>\n\n\n\n<p>O governo Lula decidiu, sem qualquer an\u00fancio oficial, retirar o Brasil da Alian\u00e7a Internacional para a Mem\u00f3ria do Holocausto (IHRA), da qual o pa\u00eds era membro observador desde 2021.<\/p>\n\n\n\n<p>A decis\u00e3o, confirmada por Israel, foi duramente criticada pelo Minist\u00e9rio das Rela\u00e7\u00f5es Exteriores israelense, que classificou a atitude como \u201cprofunda falha moral\u201d.<\/p>\n\n\n\n<p>Al\u00e9m da sa\u00edda da IHRA, o Brasil aderiu a uma a\u00e7\u00e3o na Corte Internacional de Justi\u00e7a movida pela \u00c1frica do Sul, que acusa Israel de genoc\u00eddio na Faixa de Gaza.<\/p>\n\n\n\n<p>Para o governo israelense, trata-se de uma ofensiva jur\u00eddica infundada e ofensiva \u00e0 mem\u00f3ria do Holocausto. A decis\u00e3o do Itamaraty, segundo nota oficial, estaria baseada na Conven\u00e7\u00e3o para a Preven\u00e7\u00e3o do Genoc\u00eddio, mas ignora o contexto e a leg\u00edtima defesa de Israel.<\/p>\n\n\n\n<p>Ao abandonar a luta internacional contra o antissemitismo e se alinhar a regimes hostis a Israel, o governo Lula isola o Brasil e envergonha sua tradi\u00e7\u00e3o diplom\u00e1tica.<\/p>\n","protected":false},"excerpt":{"rendered":"<p>Retirada da IHRA e ades\u00e3o \u00e0 a\u00e7\u00e3o na Corte Internacional contra Israel geram rep\u00fadio internacional e den\u00fancia de \u201cfalha moral\u201d&hellip;<\/p>\n","protected":false},"author":1,"featured_media":6975,"comment_status":"open","ping_status":"open","sticky":false,"template":"","format":"standard","meta":{"footnotes":""},"categories":[1],"tags":[],"class_list":["post-6974","post","type-post","status-publish","format-standard","has-post-thumbnail","hentry","category-uncategorized"],"_links":{"self":[{"href":"https:\/\/suanoticiaaqui.com.br\/news\/wp-json\/wp\/v2\/posts\/6974","targetHints":{"allow":["GET"]}}],"collection":[{"href":"https:\/\/suanoticiaaqui.com.br\/news\/wp-json\/wp\/v2\/posts"}],"about":[{"href":"https:\/\/suanoticiaaqui.com.br\/news\/wp-json\/wp\/v2\/types\/post"}],"author":[{"embeddable":true,"href":"https:\/\/suanoticiaaqui.com.br\/news\/wp-json\/wp\/v2\/users\/1"}],"replies":[{"embeddable":true,"href":"https:\/\/suanoticiaaqui.com.br\/news\/wp-json\/wp\/v2\/comments?post=6974"}],"version-history":[{"count":1,"href":"https:\/\/suanoticiaaqui.com.br\/news\/wp-json\/wp\/v2\/posts\/6974\/revisions"}],"predecessor-version":[{"id":6976,"href":"https:\/\/suanoticiaaqui.com.br\/news\/wp-json\/wp\/v2\/posts\/6974\/revisions\/6976"}],"wp:featuredmedia":[{"embeddable":true,"href":"https:\/\/suanoticiaaqui.com.br\/news\/wp-json\/wp\/v2\/media\/6975"}],"wp:attachment":[{"href":"https:\/\/suanoticiaaqui.com.br\/news\/wp-json\/wp\/v2\/media?parent=6974"}],"wp:term":[{"taxonomy":"category","embeddable":true,"href":"https:\/\/suanoticiaaqui.com.br\/news\/wp-json\/wp\/v2\/categories?post=6974"},{"taxonomy":"post_tag","embeddable":true,"href":"https:\/\/suanoticiaaqui.com.br\/news\/wp-json\/wp\/v2\/tags?post=6974"}],"curies":[{"name":"wp","href":"https:\/\/api.w.org\/{rel}","templated":true}]}}