{"id":6980,"date":"2025-07-25T14:45:58","date_gmt":"2025-07-25T18:45:58","guid":{"rendered":"https:\/\/suanoticiaaqui.com.br\/news\/?p=6980"},"modified":"2025-07-25T14:45:58","modified_gmt":"2025-07-25T18:45:58","slug":"moraes-confunde-mais-do-que-proibe-e-transforma-decisao-judicial-em-trapalhada-gramatical","status":"publish","type":"post","link":"https:\/\/suanoticiaaqui.com.br\/news\/2025\/07\/25\/moraes-confunde-mais-do-que-proibe-e-transforma-decisao-judicial-em-trapalhada-gramatical\/","title":{"rendered":"Moraes confunde mais do que pro\u00edbe e transforma decis\u00e3o judicial em trapalhada gramatical"},"content":{"rendered":"\n<p>Ministro do STF cria uma zona cinzenta sobre entrevistas de Bolsonaro, trope\u00e7a na l\u00edngua portuguesa e na l\u00f3gica jur\u00eddica<\/p>\n\n\n\n<ul class=\"wp-block-list\">\n<li><a href=\"https:\/\/bradockshow.com.br\/author\/marcotoledo\/\"><\/a>por <a href=\"https:\/\/bradockshow.com.br\/author\/marcotoledo\/\">Marco Toledo<\/a><\/li>\n<\/ul>\n\n\n\n<p>Ao tentar justificar que Jair Bolsonaro pode falar, mas n\u00e3o pode ser reproduzido nas redes, Alexandre de Moraes misturou m\u00e1 argumenta\u00e7\u00e3o com erros de portugu\u00eas.<\/p>\n\n\n\n<p>O ministro do STF escreveu que \u201ca JUSTI\u00c7A \u00c9 CEGA MAIS N\u00c3O TOLA!!!!!\u201d, confundindo \u201cmas\u201d com \u201cmais\u201d, e seguiu com uso indevido de crase e pontua\u00e7\u00e3o err\u00e1tica, reflexo de um racioc\u00ednio que tamb\u00e9m patina.<\/p>\n\n\n\n<p>Na pr\u00e1tica, Moraes criou uma esp\u00e9cie de \u201cproibi\u00e7\u00e3o sem proibir\u201d: Bolsonaro pode conceder entrevistas, desde que elas n\u00e3o sejam publicadas por terceiros, ainda que isso seja inevit\u00e1vel.<\/p>\n\n\n\n<p>Ministro n\u00e3o explica quem viola a cautelar: se o ex-presidente ao falar ou os aliados ao replicar. Resultado: qualquer repercuss\u00e3o indesejada poder\u00e1 justificar a pris\u00e3o preventiva, mesmo sem combina\u00e7\u00e3o pr\u00e9via.<\/p>\n\n\n\n<p>A decis\u00e3o, cheia de frases em caixa alta, acusa \u201cmil\u00edcias digitais\u201d de articula\u00e7\u00f5es obscuras e trata como \u00f3bvio o que n\u00e3o est\u00e1 dito. Com isso, Moraes alimenta a tese de persegui\u00e7\u00e3o judicial e coloca o STF sob questionamento, justamente no momento em que deveria prezar pela clareza e seguran\u00e7a jur\u00eddica.<\/p>\n","protected":false},"excerpt":{"rendered":"<p>Ministro do STF cria uma zona cinzenta sobre entrevistas de Bolsonaro, trope\u00e7a na l\u00edngua portuguesa e na l\u00f3gica jur\u00eddica Ao&hellip;<\/p>\n","protected":false},"author":1,"featured_media":6981,"comment_status":"open","ping_status":"open","sticky":false,"template":"","format":"standard","meta":{"footnotes":""},"categories":[1],"tags":[],"class_list":["post-6980","post","type-post","status-publish","format-standard","has-post-thumbnail","hentry","category-uncategorized"],"_links":{"self":[{"href":"https:\/\/suanoticiaaqui.com.br\/news\/wp-json\/wp\/v2\/posts\/6980","targetHints":{"allow":["GET"]}}],"collection":[{"href":"https:\/\/suanoticiaaqui.com.br\/news\/wp-json\/wp\/v2\/posts"}],"about":[{"href":"https:\/\/suanoticiaaqui.com.br\/news\/wp-json\/wp\/v2\/types\/post"}],"author":[{"embeddable":true,"href":"https:\/\/suanoticiaaqui.com.br\/news\/wp-json\/wp\/v2\/users\/1"}],"replies":[{"embeddable":true,"href":"https:\/\/suanoticiaaqui.com.br\/news\/wp-json\/wp\/v2\/comments?post=6980"}],"version-history":[{"count":1,"href":"https:\/\/suanoticiaaqui.com.br\/news\/wp-json\/wp\/v2\/posts\/6980\/revisions"}],"predecessor-version":[{"id":6982,"href":"https:\/\/suanoticiaaqui.com.br\/news\/wp-json\/wp\/v2\/posts\/6980\/revisions\/6982"}],"wp:featuredmedia":[{"embeddable":true,"href":"https:\/\/suanoticiaaqui.com.br\/news\/wp-json\/wp\/v2\/media\/6981"}],"wp:attachment":[{"href":"https:\/\/suanoticiaaqui.com.br\/news\/wp-json\/wp\/v2\/media?parent=6980"}],"wp:term":[{"taxonomy":"category","embeddable":true,"href":"https:\/\/suanoticiaaqui.com.br\/news\/wp-json\/wp\/v2\/categories?post=6980"},{"taxonomy":"post_tag","embeddable":true,"href":"https:\/\/suanoticiaaqui.com.br\/news\/wp-json\/wp\/v2\/tags?post=6980"}],"curies":[{"name":"wp","href":"https:\/\/api.w.org\/{rel}","templated":true}]}}