{"id":6983,"date":"2025-07-25T14:46:49","date_gmt":"2025-07-25T18:46:49","guid":{"rendered":"https:\/\/suanoticiaaqui.com.br\/news\/?p=6983"},"modified":"2025-07-25T14:46:49","modified_gmt":"2025-07-25T18:46:49","slug":"pm-apreende-implemento-agricola-com-quase-1t-de-maconha-na-vila-industrial","status":"publish","type":"post","link":"https:\/\/suanoticiaaqui.com.br\/news\/2025\/07\/25\/pm-apreende-implemento-agricola-com-quase-1t-de-maconha-na-vila-industrial\/","title":{"rendered":"PM apreende implemento agr\u00edcola com quase 1t de maconha na Vila Industrial"},"content":{"rendered":"\n<ul class=\"wp-block-list\">\n<li>por Luiz Guilherme<\/li>\n<\/ul>\n\n\n\n<p>A PM (Pol\u00edcia Militar) apreendeu na tarde desta quinta-feira (24\/7), na Vila Industrial, em Dourados, implemento agr\u00edcola com quase uma tonelada de maconha, que era transportada num caminh\u00e3o, ap\u00f3s den\u00fancia an\u00f4nima.<\/p>\n\n\n\n<p>Conforme a ocorr\u00eancia, os policiais foram informados que m\u00e1quinas agr\u00edcolas estariam sendo usadas para transportar drogas com destino a Tr\u00eas Lagoas, no leste do estado.<\/p>\n\n\n\n<p>O caminh\u00e3o foi localizado na Rua Fernando Ferrari, pr\u00f3ximo ao quartel do 3\u00ba BPM (Batalh\u00e3o de Pol\u00edcia Militar). O motorista do caminh\u00e3o relatou desconfian\u00e7a pelo valor incomum pago pelo frete e buscava orienta\u00e7\u00e3o policial quando foi abordado.<\/p>\n\n\n\n<p>Durante a varredura com os c\u00e3es farejadores K9 Colt e K9 Mago, foi confirmada a presen\u00e7a de entorpecentes nos equipamentos. Com apoio do Corpo de Bombeiros, as m\u00e1quinas foram abertas e retirados 950 quilos de maconha e dez quilos de skunk.<\/p>\n\n\n\n<p>O material foi encaminhado \u00e0 Depac (Delegacia de Pronto Atendimento Comunit\u00e1rio).<\/p>\n\n\n\n<figure class=\"wp-block-image\"><a class=\"gallery-item\" href=\"https:\/\/ligadonanoticia.com.br\/media\/editorjs\/fa1459fc_1876_43d7_9c1f_2d99d64dc1e8_17534456246535_1753447557,5547.jpg\"><img decoding=\"async\" src=\"https:\/\/ligadonanoticia.com.br\/media\/editorjs\/fa1459fc_1876_43d7_9c1f_2d99d64dc1e8_17534456246535_1753447557,5547.jpg\" alt=\"\"\/><\/a><figcaption class=\"wp-element-caption\">Tabletes de maconha e skunk que estavam no implemento agr\u00edcola<\/figcaption><\/figure>\n","protected":false},"excerpt":{"rendered":"<p>A PM (Pol\u00edcia Militar) apreendeu na tarde desta quinta-feira (24\/7), na Vila Industrial, em Dourados, implemento agr\u00edcola com quase uma&hellip;<\/p>\n","protected":false},"author":1,"featured_media":6984,"comment_status":"open","ping_status":"open","sticky":false,"template":"","format":"standard","meta":{"footnotes":""},"categories":[1],"tags":[],"class_list":["post-6983","post","type-post","status-publish","format-standard","has-post-thumbnail","hentry","category-uncategorized"],"_links":{"self":[{"href":"https:\/\/suanoticiaaqui.com.br\/news\/wp-json\/wp\/v2\/posts\/6983","targetHints":{"allow":["GET"]}}],"collection":[{"href":"https:\/\/suanoticiaaqui.com.br\/news\/wp-json\/wp\/v2\/posts"}],"about":[{"href":"https:\/\/suanoticiaaqui.com.br\/news\/wp-json\/wp\/v2\/types\/post"}],"author":[{"embeddable":true,"href":"https:\/\/suanoticiaaqui.com.br\/news\/wp-json\/wp\/v2\/users\/1"}],"replies":[{"embeddable":true,"href":"https:\/\/suanoticiaaqui.com.br\/news\/wp-json\/wp\/v2\/comments?post=6983"}],"version-history":[{"count":1,"href":"https:\/\/suanoticiaaqui.com.br\/news\/wp-json\/wp\/v2\/posts\/6983\/revisions"}],"predecessor-version":[{"id":6985,"href":"https:\/\/suanoticiaaqui.com.br\/news\/wp-json\/wp\/v2\/posts\/6983\/revisions\/6985"}],"wp:featuredmedia":[{"embeddable":true,"href":"https:\/\/suanoticiaaqui.com.br\/news\/wp-json\/wp\/v2\/media\/6984"}],"wp:attachment":[{"href":"https:\/\/suanoticiaaqui.com.br\/news\/wp-json\/wp\/v2\/media?parent=6983"}],"wp:term":[{"taxonomy":"category","embeddable":true,"href":"https:\/\/suanoticiaaqui.com.br\/news\/wp-json\/wp\/v2\/categories?post=6983"},{"taxonomy":"post_tag","embeddable":true,"href":"https:\/\/suanoticiaaqui.com.br\/news\/wp-json\/wp\/v2\/tags?post=6983"}],"curies":[{"name":"wp","href":"https:\/\/api.w.org\/{rel}","templated":true}]}}