{"id":6988,"date":"2025-07-28T09:54:10","date_gmt":"2025-07-28T13:54:10","guid":{"rendered":"https:\/\/suanoticiaaqui.com.br\/news\/?p=6988"},"modified":"2025-07-28T09:54:10","modified_gmt":"2025-07-28T13:54:10","slug":"motorista-alega-sequestro-ao-ser-preso-com-5-toneladas-de-maconha-na-br-463","status":"publish","type":"post","link":"https:\/\/suanoticiaaqui.com.br\/news\/2025\/07\/28\/motorista-alega-sequestro-ao-ser-preso-com-5-toneladas-de-maconha-na-br-463\/","title":{"rendered":"Motorista alega sequestro ao ser preso com 5 toneladas de maconha na BR-463"},"content":{"rendered":"\n<ul class=\"wp-block-list\">\n<li>por Luiz Guilherme<\/li>\n<\/ul>\n\n\n\n<p>Motorista de um caminh\u00e3o identificado como Chaihuan Venturim Oliveira, de 32 anos, morador em Presidente Bernardes (SP), foi preso pela PRF (Pol\u00edcia Rodovi\u00e1ria Federal) nesta sexta-feira (25\/7), transportando 5,2 toneladas de maconha em uma carga l\u00edcita de mileto.<\/p>\n\n\n\n<p>A pris\u00e3o e apreens\u00e3o ocorreram na BR-463, em Ponta Por\u00e3, regi\u00e3o de fronteira com o Paraguai, durante fiscaliza\u00e7\u00e3o de rotina. Os agentes abordaram o ve\u00edculo Iveco, com placas da referida cidade paulista e que tinha como destino a cidade de Bastos (SP).<\/p>\n\n\n\n<p>Ao ser flagrado com a carga de entorpecentes, Chaihuan alegou ter sido sequestrado e obrigado a realizar o transporte sob amea\u00e7a. A droga estava na carroceria do caminh\u00e3o, distribu\u00edda em dezenas de fardos.<\/p>\n\n\n\n<p>A droga totalizou 5.260 quilos. Questionado, o motorista informou que pegou a carga em Ant\u00f4nio Jo\u00e3o e foi at\u00e9 um posto de combust\u00edveis na fronteira. L\u00e1, ele teria sido rendido por homens em uma caminhonete Volkswagen Amarok branca, levado a uma ch\u00e1cara e mantido em cativeiro.<\/p>\n\n\n\n<p>Segundo relato de Chaihuan, os criminosos prepararam o caminh\u00e3o com a droga e o amea\u00e7aram de morte caso n\u00e3o realizasse o transporte. Ainda de acordo com ele, os homens diziam conhecer sua fam\u00edlia e prometeram retalia\u00e7\u00e3o se ele desobedecesse.<\/p>\n\n\n\n<p>Contudo, ainda conforme informa\u00e7\u00f5es da Pol\u00edcia Rodovi\u00e1ria Federal, o paulista n\u00e3o registrou ocorr\u00eancia sobre o suposto sequestro. Ao ser questionado sobre o motivo do sil\u00eancio, permaneceu calado.<\/p>\n\n\n\n<p>Ele, o caminh\u00e3o e toda a carga foram encaminhados \u00e0 sede da PF (Pol\u00edcia Federal) em Dourados.<\/p>\n\n\n\n<figure class=\"wp-block-image\"><a class=\"gallery-item\" href=\"https:\/\/ligadonanoticia.com.br\/media\/editorjs\/whatsapp_image_2025_07_26_at_08_1753531621,5362.jpg\"><img decoding=\"async\" src=\"https:\/\/ligadonanoticia.com.br\/media\/editorjs\/whatsapp_image_2025_07_26_at_08_1753531621,5362.jpg\" alt=\"\"\/><\/a><\/figure>\n","protected":false},"excerpt":{"rendered":"<p>Motorista de um caminh\u00e3o identificado como Chaihuan Venturim Oliveira, de 32 anos, morador em Presidente Bernardes (SP), foi preso pela&hellip;<\/p>\n","protected":false},"author":1,"featured_media":6989,"comment_status":"open","ping_status":"open","sticky":false,"template":"","format":"standard","meta":{"footnotes":""},"categories":[1],"tags":[],"class_list":["post-6988","post","type-post","status-publish","format-standard","has-post-thumbnail","hentry","category-uncategorized"],"_links":{"self":[{"href":"https:\/\/suanoticiaaqui.com.br\/news\/wp-json\/wp\/v2\/posts\/6988","targetHints":{"allow":["GET"]}}],"collection":[{"href":"https:\/\/suanoticiaaqui.com.br\/news\/wp-json\/wp\/v2\/posts"}],"about":[{"href":"https:\/\/suanoticiaaqui.com.br\/news\/wp-json\/wp\/v2\/types\/post"}],"author":[{"embeddable":true,"href":"https:\/\/suanoticiaaqui.com.br\/news\/wp-json\/wp\/v2\/users\/1"}],"replies":[{"embeddable":true,"href":"https:\/\/suanoticiaaqui.com.br\/news\/wp-json\/wp\/v2\/comments?post=6988"}],"version-history":[{"count":1,"href":"https:\/\/suanoticiaaqui.com.br\/news\/wp-json\/wp\/v2\/posts\/6988\/revisions"}],"predecessor-version":[{"id":6990,"href":"https:\/\/suanoticiaaqui.com.br\/news\/wp-json\/wp\/v2\/posts\/6988\/revisions\/6990"}],"wp:featuredmedia":[{"embeddable":true,"href":"https:\/\/suanoticiaaqui.com.br\/news\/wp-json\/wp\/v2\/media\/6989"}],"wp:attachment":[{"href":"https:\/\/suanoticiaaqui.com.br\/news\/wp-json\/wp\/v2\/media?parent=6988"}],"wp:term":[{"taxonomy":"category","embeddable":true,"href":"https:\/\/suanoticiaaqui.com.br\/news\/wp-json\/wp\/v2\/categories?post=6988"},{"taxonomy":"post_tag","embeddable":true,"href":"https:\/\/suanoticiaaqui.com.br\/news\/wp-json\/wp\/v2\/tags?post=6988"}],"curies":[{"name":"wp","href":"https:\/\/api.w.org\/{rel}","templated":true}]}}