{"id":6994,"date":"2025-07-28T09:58:08","date_gmt":"2025-07-28T13:58:08","guid":{"rendered":"https:\/\/suanoticiaaqui.com.br\/news\/?p=6994"},"modified":"2025-07-28T09:58:08","modified_gmt":"2025-07-28T13:58:08","slug":"motorista-perde-controle-do-carro-capota-e-destroi-placa-eu-amo-dourados","status":"publish","type":"post","link":"https:\/\/suanoticiaaqui.com.br\/news\/2025\/07\/28\/motorista-perde-controle-do-carro-capota-e-destroi-placa-eu-amo-dourados\/","title":{"rendered":"Motorista perde controle do carro, capota e destr\u00f3i placa \u201cEu amo Dourados\u201d"},"content":{"rendered":"\n<ul class=\"wp-block-list\">\n<li>\u00a0por Luiz Guilherme e Sidnei Bronka<\/li>\n<\/ul>\n\n\n\n<p>Na madrugada deste s\u00e1bado (26\/7), casal ficou ferido, mas sem gravidade, ap\u00f3s capotamento na Avenida Marcelino Pires, em Dourados. O acidente aconteceu depois que o motorista do ve\u00edculo Chevrolet \u00d4nix perdeu o controle e bateu contra a placa \u201cEu amo Dourados\u201d, que fica ao lado de fora do Parque Antenor Martins.<\/p>\n\n\n\n<p>As imagens impressionam, j\u00e1 que devido ao impacto, o letreiro usado por turistas e pr\u00f3prios moradores da cidade para fazerem fotos, ficou destru\u00eddo.<\/p>\n\n\n\n<p>At\u00e9 o momento as circunst\u00e2ncias do acidente ainda s\u00e3o desconhecidas e ser\u00e3o investigadas pela pol\u00edcia. No entanto, a reportagem apurou que tanto o homem, quanto a mulher, tiveram ferimentos leves, foram socorridos por equipes do Samu (Servi\u00e7o de Atendimento M\u00f3vel de Urg\u00eancia) e Corpo de Bombeiros e passam bem.<\/p>\n\n\n\n<p>A mulher, inclusive, j\u00e1 recebeu alta m\u00e9dica.<\/p>\n\n\n\n<p>Outro detalhe constatado pela reportagem que esteve no local, \u00e9 que o casal, mesmo com orienta\u00e7\u00e3o para que aguardasse a chegada dos socorristas, saiu do autom\u00f3vel.<\/p>\n\n\n\n<p>O acidente foi registrado na Delegacia de PC (Pol\u00edcia Civil) de Dourados e ser\u00e1 investigado.<\/p>\n\n\n\n<figure class=\"wp-block-image size-large\"><img fetchpriority=\"high\" decoding=\"async\" width=\"1024\" height=\"576\" src=\"https:\/\/suanoticiaaqui.com.br\/news\/wp-content\/uploads\/2025\/07\/motorista-perde-controle-do-carro-capota-e-destroi-placa-eu-amo-dourados-17535333092126-1024x576.jpeg\" alt=\"\" class=\"wp-image-6995\" srcset=\"https:\/\/suanoticiaaqui.com.br\/news\/wp-content\/uploads\/2025\/07\/motorista-perde-controle-do-carro-capota-e-destroi-placa-eu-amo-dourados-17535333092126-1024x576.jpeg 1024w, https:\/\/suanoticiaaqui.com.br\/news\/wp-content\/uploads\/2025\/07\/motorista-perde-controle-do-carro-capota-e-destroi-placa-eu-amo-dourados-17535333092126-300x169.jpeg 300w, https:\/\/suanoticiaaqui.com.br\/news\/wp-content\/uploads\/2025\/07\/motorista-perde-controle-do-carro-capota-e-destroi-placa-eu-amo-dourados-17535333092126-768x432.jpeg 768w, https:\/\/suanoticiaaqui.com.br\/news\/wp-content\/uploads\/2025\/07\/motorista-perde-controle-do-carro-capota-e-destroi-placa-eu-amo-dourados-17535333092126.jpeg 1280w\" sizes=\"(max-width: 1024px) 100vw, 1024px\" \/><\/figure>\n","protected":false},"excerpt":{"rendered":"<p>Na madrugada deste s\u00e1bado (26\/7), casal ficou ferido, mas sem gravidade, ap\u00f3s capotamento na Avenida Marcelino Pires, em Dourados. O&hellip;<\/p>\n","protected":false},"author":1,"featured_media":6996,"comment_status":"open","ping_status":"open","sticky":false,"template":"","format":"standard","meta":{"footnotes":""},"categories":[1],"tags":[],"class_list":["post-6994","post","type-post","status-publish","format-standard","has-post-thumbnail","hentry","category-uncategorized"],"_links":{"self":[{"href":"https:\/\/suanoticiaaqui.com.br\/news\/wp-json\/wp\/v2\/posts\/6994","targetHints":{"allow":["GET"]}}],"collection":[{"href":"https:\/\/suanoticiaaqui.com.br\/news\/wp-json\/wp\/v2\/posts"}],"about":[{"href":"https:\/\/suanoticiaaqui.com.br\/news\/wp-json\/wp\/v2\/types\/post"}],"author":[{"embeddable":true,"href":"https:\/\/suanoticiaaqui.com.br\/news\/wp-json\/wp\/v2\/users\/1"}],"replies":[{"embeddable":true,"href":"https:\/\/suanoticiaaqui.com.br\/news\/wp-json\/wp\/v2\/comments?post=6994"}],"version-history":[{"count":1,"href":"https:\/\/suanoticiaaqui.com.br\/news\/wp-json\/wp\/v2\/posts\/6994\/revisions"}],"predecessor-version":[{"id":6997,"href":"https:\/\/suanoticiaaqui.com.br\/news\/wp-json\/wp\/v2\/posts\/6994\/revisions\/6997"}],"wp:featuredmedia":[{"embeddable":true,"href":"https:\/\/suanoticiaaqui.com.br\/news\/wp-json\/wp\/v2\/media\/6996"}],"wp:attachment":[{"href":"https:\/\/suanoticiaaqui.com.br\/news\/wp-json\/wp\/v2\/media?parent=6994"}],"wp:term":[{"taxonomy":"category","embeddable":true,"href":"https:\/\/suanoticiaaqui.com.br\/news\/wp-json\/wp\/v2\/categories?post=6994"},{"taxonomy":"post_tag","embeddable":true,"href":"https:\/\/suanoticiaaqui.com.br\/news\/wp-json\/wp\/v2\/tags?post=6994"}],"curies":[{"name":"wp","href":"https:\/\/api.w.org\/{rel}","templated":true}]}}