{"id":6998,"date":"2025-07-28T09:59:05","date_gmt":"2025-07-28T13:59:05","guid":{"rendered":"https:\/\/suanoticiaaqui.com.br\/news\/?p=6998"},"modified":"2025-07-28T09:59:05","modified_gmt":"2025-07-28T13:59:05","slug":"stf-adia-cupula-do-judiciario-dos-brics-por-impasse-diplomatico","status":"publish","type":"post","link":"https:\/\/suanoticiaaqui.com.br\/news\/2025\/07\/28\/stf-adia-cupula-do-judiciario-dos-brics-por-impasse-diplomatico\/","title":{"rendered":"STF adia c\u00fapula do Judici\u00e1rio dos Brics por impasse diplom\u00e1tico"},"content":{"rendered":"\n<p>Evento previsto para agosto foi suspenso diante da aus\u00eancia de autoridades estrangeiras e tens\u00e3o com os Estados Unidos<\/p>\n\n\n\n<ul class=\"wp-block-list\">\n<li><a href=\"https:\/\/bradockshow.com.br\/author\/marcotoledo\/\"><\/a>por <a href=\"https:\/\/bradockshow.com.br\/author\/marcotoledo\/\">Marco Toledo<\/a><\/li>\n<\/ul>\n\n\n\n<p>O Supremo Tribunal Federal suspendeu a c\u00fapula entre presidentes do Judici\u00e1rio dos pa\u00edses do Brics, que ocorreria em 11 de agosto. A decis\u00e3o foi atribu\u00edda \u00e0 falta de confirma\u00e7\u00e3o de representantes internacionais, dificuldades log\u00edsticas e receios quanto \u00e0 rea\u00e7\u00e3o do governo norte-americano.<\/p>\n\n\n\n<p>Fontes indicam que o adiamento busca evitar o agravamento das tens\u00f5es diplom\u00e1ticas com os EUA, que v\u00eam impondo medidas contra o bloco.<\/p>\n\n\n\n<p>No in\u00edcio de julho, os Estados Unidos anunciaram tarifas de 50% sobre produtos brasileiros, alegando insatisfa\u00e7\u00e3o com a condu\u00e7\u00e3o de inqu\u00e9ritos no Brasil. Em paralelo, o governo americano suspendeu vistos de magistrados do STF e mencionou poss\u00edveis san\u00e7\u00f5es individuais. Internamente, o tribunal avaliou que a realiza\u00e7\u00e3o da c\u00fapula poderia ser interpretada como provoca\u00e7\u00e3o, optando pela suspens\u00e3o sem nova data definida.<\/p>\n\n\n\n<p>O encontro constava no calend\u00e1rio oficial do Brics, que discute, entre outros temas, alternativas ao d\u00f3lar no com\u00e9rcio internacional.<\/p>\n","protected":false},"excerpt":{"rendered":"<p>Evento previsto para agosto foi suspenso diante da aus\u00eancia de autoridades estrangeiras e tens\u00e3o com os Estados Unidos O Supremo&hellip;<\/p>\n","protected":false},"author":1,"featured_media":6999,"comment_status":"open","ping_status":"open","sticky":false,"template":"","format":"standard","meta":{"footnotes":""},"categories":[1],"tags":[],"class_list":["post-6998","post","type-post","status-publish","format-standard","has-post-thumbnail","hentry","category-uncategorized"],"_links":{"self":[{"href":"https:\/\/suanoticiaaqui.com.br\/news\/wp-json\/wp\/v2\/posts\/6998","targetHints":{"allow":["GET"]}}],"collection":[{"href":"https:\/\/suanoticiaaqui.com.br\/news\/wp-json\/wp\/v2\/posts"}],"about":[{"href":"https:\/\/suanoticiaaqui.com.br\/news\/wp-json\/wp\/v2\/types\/post"}],"author":[{"embeddable":true,"href":"https:\/\/suanoticiaaqui.com.br\/news\/wp-json\/wp\/v2\/users\/1"}],"replies":[{"embeddable":true,"href":"https:\/\/suanoticiaaqui.com.br\/news\/wp-json\/wp\/v2\/comments?post=6998"}],"version-history":[{"count":1,"href":"https:\/\/suanoticiaaqui.com.br\/news\/wp-json\/wp\/v2\/posts\/6998\/revisions"}],"predecessor-version":[{"id":7000,"href":"https:\/\/suanoticiaaqui.com.br\/news\/wp-json\/wp\/v2\/posts\/6998\/revisions\/7000"}],"wp:featuredmedia":[{"embeddable":true,"href":"https:\/\/suanoticiaaqui.com.br\/news\/wp-json\/wp\/v2\/media\/6999"}],"wp:attachment":[{"href":"https:\/\/suanoticiaaqui.com.br\/news\/wp-json\/wp\/v2\/media?parent=6998"}],"wp:term":[{"taxonomy":"category","embeddable":true,"href":"https:\/\/suanoticiaaqui.com.br\/news\/wp-json\/wp\/v2\/categories?post=6998"},{"taxonomy":"post_tag","embeddable":true,"href":"https:\/\/suanoticiaaqui.com.br\/news\/wp-json\/wp\/v2\/tags?post=6998"}],"curies":[{"name":"wp","href":"https:\/\/api.w.org\/{rel}","templated":true}]}}