{"id":7004,"date":"2025-07-28T10:00:50","date_gmt":"2025-07-28T14:00:50","guid":{"rendered":"https:\/\/suanoticiaaqui.com.br\/news\/?p=7004"},"modified":"2025-07-28T10:00:50","modified_gmt":"2025-07-28T14:00:50","slug":"trump-firma-acordo-tarifario-com-uniao-europeia-e-evita-tarifa-de-30","status":"publish","type":"post","link":"https:\/\/suanoticiaaqui.com.br\/news\/2025\/07\/28\/trump-firma-acordo-tarifario-com-uniao-europeia-e-evita-tarifa-de-30\/","title":{"rendered":"Trump firma acordo tarif\u00e1rio com Uni\u00e3o Europeia e evita tarifa de 30%"},"content":{"rendered":"\n<p>Negocia\u00e7\u00e3o define tarifa geral de 15% e inclui compra bilion\u00e1ria de energia pelos europeus<\/p>\n\n\n\n<ul class=\"wp-block-list\">\n<li><a href=\"https:\/\/bradockshow.com.br\/author\/marcotoledo\/\"><\/a>por <a href=\"https:\/\/bradockshow.com.br\/author\/marcotoledo\/\">Marco Toledo<\/a><\/li>\n<\/ul>\n\n\n\n<p>O presidente dos Estados Unidos, Donald Trump, anunciou neste domingo (27), na Esc\u00f3cia, um acordo tarif\u00e1rio com a presidente da Comiss\u00e3o Europeia, Ursula von der Leyen.<\/p>\n\n\n\n<p>O pacto estabelece uma tarifa geral de 15% sobre importa\u00e7\u00f5es, evitando a aplica\u00e7\u00e3o de uma tarifa mais agressiva, de 30%, prevista para entrar em vigor em 1\u00ba de agosto.<\/p>\n\n\n\n<p>A Uni\u00e3o Europeia tamb\u00e9m se comprometeu a comprar US$ 750 bilh\u00f5es em energia e ampliar em US$ 600 bilh\u00f5es seus investimentos em equipamentos militares e abertura comercial.<\/p>\n\n\n\n<p>A medida ocorre ap\u00f3s o fim do prazo estipulado por Trump em 9 de julho, e visa reduzir o que o presidente classificou como \u201cum dos maiores d\u00e9ficits comerciais\u201d.<\/p>\n\n\n\n<p>Ele ainda alertou que pa\u00edses que n\u00e3o firmarem acordos at\u00e9 sexta-feira enfrentar\u00e3o novas tarifas, excetuando a\u00e7o e alum\u00ednio, que j\u00e1 s\u00e3o taxados em 50%.<\/p>\n\n\n\n<p>O secret\u00e1rio de Com\u00e9rcio, Howard Lutnick, afirmou que n\u00e3o haver\u00e1 prorroga\u00e7\u00f5es. &#8220;Em 1\u00ba de agosto, as tarifas ser\u00e3o definidas&#8221;, refor\u00e7ou.<\/p>\n","protected":false},"excerpt":{"rendered":"<p>Negocia\u00e7\u00e3o define tarifa geral de 15% e inclui compra bilion\u00e1ria de energia pelos europeus O presidente dos Estados Unidos, Donald&hellip;<\/p>\n","protected":false},"author":1,"featured_media":7005,"comment_status":"open","ping_status":"open","sticky":false,"template":"","format":"standard","meta":{"footnotes":""},"categories":[1],"tags":[],"class_list":["post-7004","post","type-post","status-publish","format-standard","has-post-thumbnail","hentry","category-uncategorized"],"_links":{"self":[{"href":"https:\/\/suanoticiaaqui.com.br\/news\/wp-json\/wp\/v2\/posts\/7004","targetHints":{"allow":["GET"]}}],"collection":[{"href":"https:\/\/suanoticiaaqui.com.br\/news\/wp-json\/wp\/v2\/posts"}],"about":[{"href":"https:\/\/suanoticiaaqui.com.br\/news\/wp-json\/wp\/v2\/types\/post"}],"author":[{"embeddable":true,"href":"https:\/\/suanoticiaaqui.com.br\/news\/wp-json\/wp\/v2\/users\/1"}],"replies":[{"embeddable":true,"href":"https:\/\/suanoticiaaqui.com.br\/news\/wp-json\/wp\/v2\/comments?post=7004"}],"version-history":[{"count":1,"href":"https:\/\/suanoticiaaqui.com.br\/news\/wp-json\/wp\/v2\/posts\/7004\/revisions"}],"predecessor-version":[{"id":7006,"href":"https:\/\/suanoticiaaqui.com.br\/news\/wp-json\/wp\/v2\/posts\/7004\/revisions\/7006"}],"wp:featuredmedia":[{"embeddable":true,"href":"https:\/\/suanoticiaaqui.com.br\/news\/wp-json\/wp\/v2\/media\/7005"}],"wp:attachment":[{"href":"https:\/\/suanoticiaaqui.com.br\/news\/wp-json\/wp\/v2\/media?parent=7004"}],"wp:term":[{"taxonomy":"category","embeddable":true,"href":"https:\/\/suanoticiaaqui.com.br\/news\/wp-json\/wp\/v2\/categories?post=7004"},{"taxonomy":"post_tag","embeddable":true,"href":"https:\/\/suanoticiaaqui.com.br\/news\/wp-json\/wp\/v2\/tags?post=7004"}],"curies":[{"name":"wp","href":"https:\/\/api.w.org\/{rel}","templated":true}]}}