{"id":7010,"date":"2025-07-28T10:02:50","date_gmt":"2025-07-28T14:02:50","guid":{"rendered":"https:\/\/suanoticiaaqui.com.br\/news\/?p=7010"},"modified":"2025-07-28T10:02:50","modified_gmt":"2025-07-28T14:02:50","slug":"governo-omite-sindicatos-ligados-a-esquerda-em-escandalo-do-inss","status":"publish","type":"post","link":"https:\/\/suanoticiaaqui.com.br\/news\/2025\/07\/28\/governo-omite-sindicatos-ligados-a-esquerda-em-escandalo-do-inss\/","title":{"rendered":"Governo omite sindicatos ligados \u00e0 esquerda em esc\u00e2ndalo do INSS"},"content":{"rendered":"\n<p>Contag e Sindnapi, ligados ao PT, ficaram fora das a\u00e7\u00f5es judiciais apesar de citados em investiga\u00e7\u00f5es da PF<\/p>\n\n\n\n<ul class=\"wp-block-list\">\n<li><a href=\"https:\/\/bradockshow.com.br\/author\/marcotoledo\/\"><\/a>por <a href=\"https:\/\/bradockshow.com.br\/author\/marcotoledo\/\">Marco Toledo<\/a><\/li>\n<\/ul>\n\n\n\n<p>O governo Lula deixou de acionar judicialmente entidades alinhadas \u00e0 esquerda no caso conhecido como \u201cFarra do INSS\u201d.<\/p>\n\n\n\n<p>Segundo revelou o portal&nbsp;<em>Metr\u00f3poles<\/em>, a Confedera\u00e7\u00e3o Nacional dos Trabalhadores na Agricultura (Contag) e o Sindicato Nacional dos Aposentados (Sindnapi), ligado ao irm\u00e3o do presidente Lula, n\u00e3o foram inclu\u00eddos nas a\u00e7\u00f5es ajuizadas pela AGU.<\/p>\n\n\n\n<p>A exclus\u00e3o foi descoberta por meio da Lei de Acesso \u00e0 Informa\u00e7\u00e3o, a pedido da deputada Caroline de Toni (PL-SC).<\/p>\n\n\n\n<p>O INSS se recusou a explicar os crit\u00e9rios adotados e negou acesso ao processo administrativo. Al\u00e9m das duas entidades, Conafer e ABCB tamb\u00e9m ficaram de fora, mesmo citadas pela CGU e pela Pol\u00edcia Federal na Opera\u00e7\u00e3o Sem Desconto.<\/p>\n\n\n\n<p>A Justi\u00e7a bloqueou R$ 2,8 bilh\u00f5es em bens de investigados. Em nota, o INSS afirmou que as investiga\u00e7\u00f5es seguem e que novas a\u00e7\u00f5es poder\u00e3o ser abertas, \u201ccaso surjam elementos\u201d.<\/p>\n","protected":false},"excerpt":{"rendered":"<p>Contag e Sindnapi, ligados ao PT, ficaram fora das a\u00e7\u00f5es judiciais apesar de citados em investiga\u00e7\u00f5es da PF O governo&hellip;<\/p>\n","protected":false},"author":1,"featured_media":7011,"comment_status":"open","ping_status":"open","sticky":false,"template":"","format":"standard","meta":{"footnotes":""},"categories":[1],"tags":[],"class_list":["post-7010","post","type-post","status-publish","format-standard","has-post-thumbnail","hentry","category-uncategorized"],"_links":{"self":[{"href":"https:\/\/suanoticiaaqui.com.br\/news\/wp-json\/wp\/v2\/posts\/7010","targetHints":{"allow":["GET"]}}],"collection":[{"href":"https:\/\/suanoticiaaqui.com.br\/news\/wp-json\/wp\/v2\/posts"}],"about":[{"href":"https:\/\/suanoticiaaqui.com.br\/news\/wp-json\/wp\/v2\/types\/post"}],"author":[{"embeddable":true,"href":"https:\/\/suanoticiaaqui.com.br\/news\/wp-json\/wp\/v2\/users\/1"}],"replies":[{"embeddable":true,"href":"https:\/\/suanoticiaaqui.com.br\/news\/wp-json\/wp\/v2\/comments?post=7010"}],"version-history":[{"count":1,"href":"https:\/\/suanoticiaaqui.com.br\/news\/wp-json\/wp\/v2\/posts\/7010\/revisions"}],"predecessor-version":[{"id":7012,"href":"https:\/\/suanoticiaaqui.com.br\/news\/wp-json\/wp\/v2\/posts\/7010\/revisions\/7012"}],"wp:featuredmedia":[{"embeddable":true,"href":"https:\/\/suanoticiaaqui.com.br\/news\/wp-json\/wp\/v2\/media\/7011"}],"wp:attachment":[{"href":"https:\/\/suanoticiaaqui.com.br\/news\/wp-json\/wp\/v2\/media?parent=7010"}],"wp:term":[{"taxonomy":"category","embeddable":true,"href":"https:\/\/suanoticiaaqui.com.br\/news\/wp-json\/wp\/v2\/categories?post=7010"},{"taxonomy":"post_tag","embeddable":true,"href":"https:\/\/suanoticiaaqui.com.br\/news\/wp-json\/wp\/v2\/tags?post=7010"}],"curies":[{"name":"wp","href":"https:\/\/api.w.org\/{rel}","templated":true}]}}