{"id":7013,"date":"2025-07-28T10:03:49","date_gmt":"2025-07-28T14:03:49","guid":{"rendered":"https:\/\/suanoticiaaqui.com.br\/news\/?p=7013"},"modified":"2025-07-28T10:03:49","modified_gmt":"2025-07-28T14:03:49","slug":"policia-cientifica-e-agepen-viabilizam-coleta-de-material-genetico-de-300-internos","status":"publish","type":"post","link":"https:\/\/suanoticiaaqui.com.br\/news\/2025\/07\/28\/policia-cientifica-e-agepen-viabilizam-coleta-de-material-genetico-de-300-internos\/","title":{"rendered":"Pol\u00edcia Cient\u00edfica e Agepen viabilizam coleta de material gen\u00e9tico de 300 internos"},"content":{"rendered":"\n<ul class=\"wp-block-list\">\n<li>\u00a0por Ligado na Noticia<\/li>\n<\/ul>\n\n\n\n<p>A PCMS (Pol\u00edcia Cient\u00edfica de Mato Grosso do Sul), em parceria com a Agepen (Ag\u00eancia Estadual de Administra\u00e7\u00e3o do Sistema Penitenci\u00e1rio), realizou na \u00faltima quarta-feira (23) a coleta de 300 amostras biol\u00f3gicas de pessoas privadas de liberdade com senten\u00e7a condenat\u00f3ria, nos Estabelecimentos Penais Masculino e Feminino de Corumb\u00e1, incluindo o Estabelecimento Penal Feminino \u201cCarlos Alberto Jonas Giordano\u201d.<\/p>\n\n\n\n<p>Os perfis ser\u00e3o inseridos no BNPG (Banco Nacional de Perfis Gen\u00e9ticos), ferramenta estrat\u00e9gica que auxilia na identifica\u00e7\u00e3o de autores de crimes sem solu\u00e7\u00e3o. A a\u00e7\u00e3o contemplou indiv\u00edduos sentenciados por crimes hediondos, como homic\u00eddio, estupro, feminic\u00eddio e roubo com viol\u00eancia.<\/p>\n\n\n\n<p>Para o coordenador-geral de Per\u00edcias da PCiMS, Jos\u00e9 de Anchieta Souza Silva, a iniciativa refor\u00e7a o papel da ci\u00eancia forense no combate \u00e0 criminalidade. \u201cA inser\u00e7\u00e3o de dados gen\u00e9ticos transforma o trabalho pericial em uma ferramenta ainda mais efetiva para a responsabiliza\u00e7\u00e3o penal. \u00c9 um exemplo claro de como a tecnologia, aliada \u00e0 atua\u00e7\u00e3o t\u00e9cnica e coordenada, pode acelerar respostas e ampliar o alcance das investiga\u00e7\u00f5es em todo o pa\u00eds\u201d, avalia.<\/p>\n\n\n\n<p>A opera\u00e7\u00e3o mobilizou 18 servidores da PCiMS: 13 peritos criminais, 2 peritos papiloscopistas e 3 agentes de pol\u00edcia cient\u00edfica. A equipe do IALF (Instituto de An\u00e1lises Laboratoriais Forenses), da capital, foi refor\u00e7ada por profissionais da URPI (Unidade Regional de Per\u00edcia e Identifica\u00e7\u00e3o de Corumb\u00e1), que atuaram conjuntamente nas coletas. A execu\u00e7\u00e3o nas unidades penais contou com o apoio de 14 policiais penais, que garantiram todo suporte log\u00edstico e seguran\u00e7a durante os trabalhos.<\/p>\n\n\n\n<p>Segundo a diretora do IALF, perita criminal Josemirtes Fonseca Prado da Silva, o uso do perfil gen\u00e9tico tem se mostrado decisivo na identifica\u00e7\u00e3o de autoria. \u201cEssas informa\u00e7\u00f5es, tratadas com rigor t\u00e9cnico e sigilo, permitem identificar autores, excluir inocentes e conectar casos entre diferentes regi\u00f5es do Brasil. Ao expandir o banco de dados, aumentamos significativamente a capacidade de resposta da per\u00edcia\u201d, explica.<\/p>\n\n\n\n<p>A iniciativa est\u00e1 amparada pela Lei Federal n\u00ba 12.654\/2012, que determina a coleta obrigat\u00f3ria de DNA de pessoas condenadas por crimes violentos ou hediondos. O cruzamento dos perfis com vest\u00edgios coletados em locais de crime tem proporcionado avan\u00e7os importantes na resolu\u00e7\u00e3o de casos e fortalecido a atua\u00e7\u00e3o da Justi\u00e7a.<\/p>\n\n\n\n<p>Para o diretor-presidente da Agepen, Rodrigo Rossi Maiorchini, a coopera\u00e7\u00e3o entre as institui\u00e7\u00f5es tem sido fundamental. \u201cEstamos falando de uma medida que n\u00e3o apenas cumpre uma exig\u00eancia legal, mas que tamb\u00e9m representa um avan\u00e7o no combate \u00e0 impunidade. Essa parceria fortalece o sistema prisional como parte integrante da engrenagem da seguran\u00e7a p\u00fablica\u201d, afirma.<\/p>\n\n\n\n<p>Mato Grosso do Sul integra a RIBPG (Rede Integrada de Bancos de Perfis Gen\u00e9ticos), coordenada pelo Minist\u00e9rio da Justi\u00e7a e Seguran\u00e7a P\u00fablica, e est\u00e1 entre os estados com maior n\u00famero proporcional de perfis inseridos. A atua\u00e7\u00e3o cont\u00ednua da PCiMS, em parceria com a Agepen, reafirma o compromisso com a promo\u00e7\u00e3o da verdade, da justi\u00e7a e da seguran\u00e7a da sociedade.<\/p>\n","protected":false},"excerpt":{"rendered":"<p>A PCMS (Pol\u00edcia Cient\u00edfica de Mato Grosso do Sul), em parceria com a Agepen (Ag\u00eancia Estadual de Administra\u00e7\u00e3o do Sistema&hellip;<\/p>\n","protected":false},"author":1,"featured_media":7014,"comment_status":"open","ping_status":"open","sticky":false,"template":"","format":"standard","meta":{"footnotes":""},"categories":[1],"tags":[],"class_list":["post-7013","post","type-post","status-publish","format-standard","has-post-thumbnail","hentry","category-uncategorized"],"_links":{"self":[{"href":"https:\/\/suanoticiaaqui.com.br\/news\/wp-json\/wp\/v2\/posts\/7013","targetHints":{"allow":["GET"]}}],"collection":[{"href":"https:\/\/suanoticiaaqui.com.br\/news\/wp-json\/wp\/v2\/posts"}],"about":[{"href":"https:\/\/suanoticiaaqui.com.br\/news\/wp-json\/wp\/v2\/types\/post"}],"author":[{"embeddable":true,"href":"https:\/\/suanoticiaaqui.com.br\/news\/wp-json\/wp\/v2\/users\/1"}],"replies":[{"embeddable":true,"href":"https:\/\/suanoticiaaqui.com.br\/news\/wp-json\/wp\/v2\/comments?post=7013"}],"version-history":[{"count":1,"href":"https:\/\/suanoticiaaqui.com.br\/news\/wp-json\/wp\/v2\/posts\/7013\/revisions"}],"predecessor-version":[{"id":7015,"href":"https:\/\/suanoticiaaqui.com.br\/news\/wp-json\/wp\/v2\/posts\/7013\/revisions\/7015"}],"wp:featuredmedia":[{"embeddable":true,"href":"https:\/\/suanoticiaaqui.com.br\/news\/wp-json\/wp\/v2\/media\/7014"}],"wp:attachment":[{"href":"https:\/\/suanoticiaaqui.com.br\/news\/wp-json\/wp\/v2\/media?parent=7013"}],"wp:term":[{"taxonomy":"category","embeddable":true,"href":"https:\/\/suanoticiaaqui.com.br\/news\/wp-json\/wp\/v2\/categories?post=7013"},{"taxonomy":"post_tag","embeddable":true,"href":"https:\/\/suanoticiaaqui.com.br\/news\/wp-json\/wp\/v2\/tags?post=7013"}],"curies":[{"name":"wp","href":"https:\/\/api.w.org\/{rel}","templated":true}]}}