{"id":7019,"date":"2025-07-28T10:05:40","date_gmt":"2025-07-28T14:05:40","guid":{"rendered":"https:\/\/suanoticiaaqui.com.br\/news\/?p=7019"},"modified":"2025-07-28T10:05:40","modified_gmt":"2025-07-28T14:05:40","slug":"motoristas-celebram-sao-cristovao-com-carreata-e-bencao-dos-veiculos-neste-domingo","status":"publish","type":"post","link":"https:\/\/suanoticiaaqui.com.br\/news\/2025\/07\/28\/motoristas-celebram-sao-cristovao-com-carreata-e-bencao-dos-veiculos-neste-domingo\/","title":{"rendered":"Motoristas celebram S\u00e3o Crist\u00f3v\u00e3o com carreata e b\u00ean\u00e7\u00e3o dos ve\u00edculos neste domingo"},"content":{"rendered":"\n<ul class=\"wp-block-list\">\n<li>por Luiz Guilherme<\/li>\n<\/ul>\n\n\n\n<p>Na manh\u00e3 deste domingo (27), a movimenta\u00e7\u00e3o j\u00e1 \u00e9 intensa no Centro de Conven\u00e7\u00f5es Ant\u00f4nio Tonani, na Avenida Guaicurus, em Dourados. O local \u00e9 ponto de partida da tradicional carreata da 34\u00aa Festa de S\u00e3o Crist\u00f3v\u00e3o, que celebra o padroeiro dos motoristas com f\u00e9, devo\u00e7\u00e3o e um chamado \u00e0 responsabilidade no tr\u00e2nsito.<\/p>\n\n\n\n<p>Organizada pela Par\u00f3quia Santa Teresinha, do Jardim Maracan\u00e3, a programa\u00e7\u00e3o teve in\u00edcio logo cedo. A sa\u00edda da carreata est\u00e1 prevista para as 7h, com dezenas de ve\u00edculos e motocicletas enfileirados para percorrer as principais vias da cidade.<\/p>\n\n\n\n<p>O trajeto passa pela rua lateral do Parque do Lago, rua Aziz Rasslem, segue pela Avenida Marcelino Pires, dobra \u00e0 esquerda na Rua Brasil e entra \u00e0 direita na Rua Ciro Melo, encerrando em frente \u00e0 igreja matriz da par\u00f3quia. No ponto de chegada, um palco foi montado para a b\u00ean\u00e7\u00e3o final dos ve\u00edculos, conduzida pelo padre da comunidade, em um dos momentos mais marcantes da celebra\u00e7\u00e3o.<\/p>\n\n\n\n<p>Al\u00e9m do car\u00e1ter religioso, a carreata tamb\u00e9m tem cunho educativo. A organiza\u00e7\u00e3o refor\u00e7a a import\u00e2ncia do respeito \u00e0s leis de tr\u00e2nsito durante todo o trajeto, com uso obrigat\u00f3rio do cinto de seguran\u00e7a, aten\u00e7\u00e3o a pedestres e ciclistas e, principalmente, a proibi\u00e7\u00e3o do consumo de bebidas alco\u00f3licas por parte dos condutores.<\/p>\n\n\n\n<p>A festa continua ao longo do dia. A partir das 11h, ser\u00e1 servido o tradicional almo\u00e7o comunit\u00e1rio. J\u00e1 \u00e0s 15h, acontece o aguardado show de pr\u00eamios, com sorteios que v\u00e3o desde eletrodom\u00e9sticos e smartphones at\u00e9 uma motocicleta e uma viagem.<\/p>\n\n\n\n<p>A Festa de S\u00e3o Crist\u00f3v\u00e3o \u00e9 considerada uma das mais tradicionais manifesta\u00e7\u00f5es religiosas de Dourados. Mais do que celebrar o santo protetor dos motoristas, o evento busca reunir a comunidade em torno da f\u00e9, da partilha e da valoriza\u00e7\u00e3o da vida no tr\u00e2nsito.<\/p>\n","protected":false},"excerpt":{"rendered":"<p>Na manh\u00e3 deste domingo (27), a movimenta\u00e7\u00e3o j\u00e1 \u00e9 intensa no Centro de Conven\u00e7\u00f5es Ant\u00f4nio Tonani, na Avenida Guaicurus, em&hellip;<\/p>\n","protected":false},"author":1,"featured_media":7020,"comment_status":"open","ping_status":"open","sticky":false,"template":"","format":"standard","meta":{"footnotes":""},"categories":[1],"tags":[],"class_list":["post-7019","post","type-post","status-publish","format-standard","has-post-thumbnail","hentry","category-uncategorized"],"_links":{"self":[{"href":"https:\/\/suanoticiaaqui.com.br\/news\/wp-json\/wp\/v2\/posts\/7019","targetHints":{"allow":["GET"]}}],"collection":[{"href":"https:\/\/suanoticiaaqui.com.br\/news\/wp-json\/wp\/v2\/posts"}],"about":[{"href":"https:\/\/suanoticiaaqui.com.br\/news\/wp-json\/wp\/v2\/types\/post"}],"author":[{"embeddable":true,"href":"https:\/\/suanoticiaaqui.com.br\/news\/wp-json\/wp\/v2\/users\/1"}],"replies":[{"embeddable":true,"href":"https:\/\/suanoticiaaqui.com.br\/news\/wp-json\/wp\/v2\/comments?post=7019"}],"version-history":[{"count":1,"href":"https:\/\/suanoticiaaqui.com.br\/news\/wp-json\/wp\/v2\/posts\/7019\/revisions"}],"predecessor-version":[{"id":7021,"href":"https:\/\/suanoticiaaqui.com.br\/news\/wp-json\/wp\/v2\/posts\/7019\/revisions\/7021"}],"wp:featuredmedia":[{"embeddable":true,"href":"https:\/\/suanoticiaaqui.com.br\/news\/wp-json\/wp\/v2\/media\/7020"}],"wp:attachment":[{"href":"https:\/\/suanoticiaaqui.com.br\/news\/wp-json\/wp\/v2\/media?parent=7019"}],"wp:term":[{"taxonomy":"category","embeddable":true,"href":"https:\/\/suanoticiaaqui.com.br\/news\/wp-json\/wp\/v2\/categories?post=7019"},{"taxonomy":"post_tag","embeddable":true,"href":"https:\/\/suanoticiaaqui.com.br\/news\/wp-json\/wp\/v2\/tags?post=7019"}],"curies":[{"name":"wp","href":"https:\/\/api.w.org\/{rel}","templated":true}]}}