{"id":7031,"date":"2025-07-28T14:47:06","date_gmt":"2025-07-28T18:47:06","guid":{"rendered":"https:\/\/suanoticiaaqui.com.br\/news\/?p=7031"},"modified":"2025-07-28T14:47:06","modified_gmt":"2025-07-28T18:47:06","slug":"indigena-e-torturado-decapitado-e-tem-orgaos-retirados-na-fronteira","status":"publish","type":"post","link":"https:\/\/suanoticiaaqui.com.br\/news\/2025\/07\/28\/indigena-e-torturado-decapitado-e-tem-orgaos-retirados-na-fronteira\/","title":{"rendered":"Ind\u00edgena \u00e9 torturado, decapitado e tem \u00f3rg\u00e3os retirados na fronteira"},"content":{"rendered":"\n<ul class=\"wp-block-list\">\n<li>por Luiz Guilherme<\/li>\n<\/ul>\n\n\n\n<p>Crime ocorrido na regi\u00e3o de fronteira entre Paranhos e a cidade paraguaia Ypeh\u00fa, neste fim de semana, chocou a comunidade local. Ind\u00edgena identificado como Ezequiel Sanauria Pires, de 20 anos, foi encontrado morto na manh\u00e3 deste domingo (27\/7), em uma estrada vicinal na Linha Internacional, com a cabe\u00e7a decapitada.<\/p>\n\n\n\n<p>Conforme o boletim de ocorr\u00eancia, antes de ser morto, o jovem foi torturado e depois teve seus \u00f3rg\u00e3os retirados.<\/p>\n\n\n\n<p>Os policiais de Paranhos foram acionados pelo cacique da Aldeia Piraju\u00ed, informando que haviam encontrado um cad\u00e1ver de homem na estrada vicinal que d\u00e1 acesso \u00e0 comunidade.<\/p>\n\n\n\n<p>Os agentes se deslocaram para a regi\u00e3o e encontraram Ezequiel decapitado, sendo que a cabe\u00e7a estava para um lado e o corpo para o outro. Havia um machado cravado na testa da v\u00edtima e v\u00e1rios ferimentos, inclusive, ele teve o t\u00f3rax aberto e costelas quebradas.<\/p>\n\n\n\n<p>A per\u00edcia tamb\u00e9m foi chamada e constatou que Ezequiel tinha m\u00faltiplas les\u00f5es indicando que ele foi submetido a sess\u00f5es de tortura antes da morte. O corpo foi encaminhado para o Imol (Instituto de Medicina e Odontologia Legal) de Amambai.<\/p>\n\n\n\n<p>Os policiais fizeram dilig\u00eancias na regi\u00e3o e investigam a motiva\u00e7\u00e3o e autoria do crime e o caso foi registrado como homic\u00eddio qualificado por tortura ou outro meio.<\/p>\n","protected":false},"excerpt":{"rendered":"<p>Crime ocorrido na regi\u00e3o de fronteira entre Paranhos e a cidade paraguaia Ypeh\u00fa, neste fim de semana, chocou a comunidade&hellip;<\/p>\n","protected":false},"author":1,"featured_media":7032,"comment_status":"open","ping_status":"open","sticky":false,"template":"","format":"standard","meta":{"footnotes":""},"categories":[1],"tags":[],"class_list":["post-7031","post","type-post","status-publish","format-standard","has-post-thumbnail","hentry","category-uncategorized"],"_links":{"self":[{"href":"https:\/\/suanoticiaaqui.com.br\/news\/wp-json\/wp\/v2\/posts\/7031","targetHints":{"allow":["GET"]}}],"collection":[{"href":"https:\/\/suanoticiaaqui.com.br\/news\/wp-json\/wp\/v2\/posts"}],"about":[{"href":"https:\/\/suanoticiaaqui.com.br\/news\/wp-json\/wp\/v2\/types\/post"}],"author":[{"embeddable":true,"href":"https:\/\/suanoticiaaqui.com.br\/news\/wp-json\/wp\/v2\/users\/1"}],"replies":[{"embeddable":true,"href":"https:\/\/suanoticiaaqui.com.br\/news\/wp-json\/wp\/v2\/comments?post=7031"}],"version-history":[{"count":1,"href":"https:\/\/suanoticiaaqui.com.br\/news\/wp-json\/wp\/v2\/posts\/7031\/revisions"}],"predecessor-version":[{"id":7033,"href":"https:\/\/suanoticiaaqui.com.br\/news\/wp-json\/wp\/v2\/posts\/7031\/revisions\/7033"}],"wp:featuredmedia":[{"embeddable":true,"href":"https:\/\/suanoticiaaqui.com.br\/news\/wp-json\/wp\/v2\/media\/7032"}],"wp:attachment":[{"href":"https:\/\/suanoticiaaqui.com.br\/news\/wp-json\/wp\/v2\/media?parent=7031"}],"wp:term":[{"taxonomy":"category","embeddable":true,"href":"https:\/\/suanoticiaaqui.com.br\/news\/wp-json\/wp\/v2\/categories?post=7031"},{"taxonomy":"post_tag","embeddable":true,"href":"https:\/\/suanoticiaaqui.com.br\/news\/wp-json\/wp\/v2\/tags?post=7031"}],"curies":[{"name":"wp","href":"https:\/\/api.w.org\/{rel}","templated":true}]}}