{"id":7040,"date":"2025-07-29T09:46:56","date_gmt":"2025-07-29T13:46:56","guid":{"rendered":"https:\/\/suanoticiaaqui.com.br\/news\/?p=7040"},"modified":"2025-07-29T09:46:56","modified_gmt":"2025-07-29T13:46:56","slug":"enteado-mata-padrasto-com-17-facadas-apos-briga-familiar-autor-esta-foragido","status":"publish","type":"post","link":"https:\/\/suanoticiaaqui.com.br\/news\/2025\/07\/29\/enteado-mata-padrasto-com-17-facadas-apos-briga-familiar-autor-esta-foragido\/","title":{"rendered":"Enteado mata padrasto com 17 facadas ap\u00f3s briga familiar; autor est\u00e1 foragido"},"content":{"rendered":"\n<ul class=\"wp-block-list\">\n<li>por Luiz Guilherme<\/li>\n<\/ul>\n\n\n\n<p>Briga familiar na madrugada deste s\u00e1bado (26\/7), resultou na morte de Itamar de Lima Cristaldo Junior, de 38 anos, na Rua Professora Ant\u00f4nia Capil\u00e9, no Bairro Nova Lima, em Campo Grande. Ele foi assassinado com 17 facadas pelo enteado, Luiz Gustavo da Silva Gon\u00e7alves, de 22.<\/p>\n\n\n\n<p>Segundo o Campo Grande News, a PM (Pol\u00edcia Militar) inicialmente foi acionada para atender caso de viol\u00eancia dom\u00e9stica, no entanto, ao chegar ao local, se deparou com Itamar j\u00e1 sem vida.<\/p>\n\n\n\n<p>A m\u00e3e do autor relatou que o marido e o filho brigaram dentro da resid\u00eancia, e, durante a confus\u00e3o, Itamar foi at\u00e9 o carro, estacionado em frente \u00e0 casa, e pegado uma faca. Ao retornar, continuou a briga com Luiz Gustavo, que conseguiu tomar a arma e o golpeou diversas vezes.<\/p>\n\n\n\n<p>A mulher, que presenciou o crime, informou \u00e0 pol\u00edcia, ainda conforme o site, que ambos estavam alcoolizados e que o filho tamb\u00e9m havia feito uso de drogas.<\/p>\n\n\n\n<p>O Samu (Servi\u00e7o de Atendimento M\u00f3vel de Urg\u00eancia) foi acionado e constatou o \u00f3bito ainda no local.<\/p>\n\n\n\n<p>Ap\u00f3s o crime, Luiz Gustavo fugiu levando a faca usada no homic\u00eddio. Equipes do GOI (Grupo de Opera\u00e7\u00f5es e Investiga\u00e7\u00f5es) realizaram buscas, mas at\u00e9 o momento ele n\u00e3o foi localizado.<\/p>\n\n\n\n<p>O caso foi registrado na Depac (Delegacia de Pronto Atendimento Comunit\u00e1rio) Cepol como homic\u00eddio qualificado por motivo torpe. A PC (Pol\u00edcia Civil) segue com as investiga\u00e7\u00f5es.<\/p>\n","protected":false},"excerpt":{"rendered":"<p>Briga familiar na madrugada deste s\u00e1bado (26\/7), resultou na morte de Itamar de Lima Cristaldo Junior, de 38 anos, na&hellip;<\/p>\n","protected":false},"author":1,"featured_media":7041,"comment_status":"open","ping_status":"open","sticky":false,"template":"","format":"standard","meta":{"footnotes":""},"categories":[1],"tags":[],"class_list":["post-7040","post","type-post","status-publish","format-standard","has-post-thumbnail","hentry","category-uncategorized"],"_links":{"self":[{"href":"https:\/\/suanoticiaaqui.com.br\/news\/wp-json\/wp\/v2\/posts\/7040","targetHints":{"allow":["GET"]}}],"collection":[{"href":"https:\/\/suanoticiaaqui.com.br\/news\/wp-json\/wp\/v2\/posts"}],"about":[{"href":"https:\/\/suanoticiaaqui.com.br\/news\/wp-json\/wp\/v2\/types\/post"}],"author":[{"embeddable":true,"href":"https:\/\/suanoticiaaqui.com.br\/news\/wp-json\/wp\/v2\/users\/1"}],"replies":[{"embeddable":true,"href":"https:\/\/suanoticiaaqui.com.br\/news\/wp-json\/wp\/v2\/comments?post=7040"}],"version-history":[{"count":1,"href":"https:\/\/suanoticiaaqui.com.br\/news\/wp-json\/wp\/v2\/posts\/7040\/revisions"}],"predecessor-version":[{"id":7042,"href":"https:\/\/suanoticiaaqui.com.br\/news\/wp-json\/wp\/v2\/posts\/7040\/revisions\/7042"}],"wp:featuredmedia":[{"embeddable":true,"href":"https:\/\/suanoticiaaqui.com.br\/news\/wp-json\/wp\/v2\/media\/7041"}],"wp:attachment":[{"href":"https:\/\/suanoticiaaqui.com.br\/news\/wp-json\/wp\/v2\/media?parent=7040"}],"wp:term":[{"taxonomy":"category","embeddable":true,"href":"https:\/\/suanoticiaaqui.com.br\/news\/wp-json\/wp\/v2\/categories?post=7040"},{"taxonomy":"post_tag","embeddable":true,"href":"https:\/\/suanoticiaaqui.com.br\/news\/wp-json\/wp\/v2\/tags?post=7040"}],"curies":[{"name":"wp","href":"https:\/\/api.w.org\/{rel}","templated":true}]}}