{"id":7043,"date":"2025-07-29T09:47:48","date_gmt":"2025-07-29T13:47:48","guid":{"rendered":"https:\/\/suanoticiaaqui.com.br\/news\/?p=7043"},"modified":"2025-07-29T09:47:48","modified_gmt":"2025-07-29T13:47:48","slug":"sig-apreende-meia-tonelada-de-maconha-em-oficina-mecanica-homem-e-preso","status":"publish","type":"post","link":"https:\/\/suanoticiaaqui.com.br\/news\/2025\/07\/29\/sig-apreende-meia-tonelada-de-maconha-em-oficina-mecanica-homem-e-preso\/","title":{"rendered":"SIG apreende meia tonelada de maconha em oficina mec\u00e2nica; homem \u00e9 preso"},"content":{"rendered":"\n<ul class=\"wp-block-list\">\n<li>por Luiz Guilherme<\/li>\n<\/ul>\n\n\n\n<p>Neste domingo (27\/7), agentes do SIG (Setor de Investiga\u00e7\u00f5es Gerais) e do NRI (N\u00facleo Regional de Intelig\u00eancia) da PC (Pol\u00edcia Civil) de Nova Andradina, prendeu homem de 36 anos acusado de tr\u00e1fico de drogas.<\/p>\n\n\n\n<p>Segundo a ocorr\u00eancia, os policiais foram informados que uma carga de entorpecentes seria descarregada numa oficina mec\u00e2nica e, diante disso, se dirigiram at\u00e9 o endere\u00e7o.<\/p>\n\n\n\n<p>No local, a equipe flagrou o indiv\u00edduo acessando o interior do estabelecimento. Em seguida, um ve\u00edculo VW Voyage, preto, chegou ao local em um caminh\u00e3o guincho e foi descarregado nas depend\u00eancias do im\u00f3vel, momento em que a equipe policial realizou a abordagem do investigado.<\/p>\n\n\n\n<p>Durante inspe\u00e7\u00e3o veicular, foram localizados 580 quilos de maconha, acondicionados em fardos, de modo compat\u00edvel com o tr\u00e1fico de drogas. Conduzido \u00e0 Delegacia de Pol\u00edcia, o homem declarou que sabia que o carro com a droga seria deixado na oficina.<\/p>\n\n\n\n<p>Diante dos elementos colhidos, o autor foi autuado em flagrante, sendo apreendidos o entorpecente, o autom\u00f3vel utilizado no transporte e demais objetos de interesse \u00e0 investiga\u00e7\u00e3o.<\/p>\n\n\n\n<p>As apura\u00e7\u00f5es prosseguem com o objetivo de esclarecer integralmente a din\u00e2mica dos fatos e eventual participa\u00e7\u00e3o de outros envolvidos.<\/p>\n","protected":false},"excerpt":{"rendered":"<p>Neste domingo (27\/7), agentes do SIG (Setor de Investiga\u00e7\u00f5es Gerais) e do NRI (N\u00facleo Regional de Intelig\u00eancia) da PC (Pol\u00edcia&hellip;<\/p>\n","protected":false},"author":1,"featured_media":7044,"comment_status":"open","ping_status":"open","sticky":false,"template":"","format":"standard","meta":{"footnotes":""},"categories":[1],"tags":[],"class_list":["post-7043","post","type-post","status-publish","format-standard","has-post-thumbnail","hentry","category-uncategorized"],"_links":{"self":[{"href":"https:\/\/suanoticiaaqui.com.br\/news\/wp-json\/wp\/v2\/posts\/7043","targetHints":{"allow":["GET"]}}],"collection":[{"href":"https:\/\/suanoticiaaqui.com.br\/news\/wp-json\/wp\/v2\/posts"}],"about":[{"href":"https:\/\/suanoticiaaqui.com.br\/news\/wp-json\/wp\/v2\/types\/post"}],"author":[{"embeddable":true,"href":"https:\/\/suanoticiaaqui.com.br\/news\/wp-json\/wp\/v2\/users\/1"}],"replies":[{"embeddable":true,"href":"https:\/\/suanoticiaaqui.com.br\/news\/wp-json\/wp\/v2\/comments?post=7043"}],"version-history":[{"count":1,"href":"https:\/\/suanoticiaaqui.com.br\/news\/wp-json\/wp\/v2\/posts\/7043\/revisions"}],"predecessor-version":[{"id":7045,"href":"https:\/\/suanoticiaaqui.com.br\/news\/wp-json\/wp\/v2\/posts\/7043\/revisions\/7045"}],"wp:featuredmedia":[{"embeddable":true,"href":"https:\/\/suanoticiaaqui.com.br\/news\/wp-json\/wp\/v2\/media\/7044"}],"wp:attachment":[{"href":"https:\/\/suanoticiaaqui.com.br\/news\/wp-json\/wp\/v2\/media?parent=7043"}],"wp:term":[{"taxonomy":"category","embeddable":true,"href":"https:\/\/suanoticiaaqui.com.br\/news\/wp-json\/wp\/v2\/categories?post=7043"},{"taxonomy":"post_tag","embeddable":true,"href":"https:\/\/suanoticiaaqui.com.br\/news\/wp-json\/wp\/v2\/tags?post=7043"}],"curies":[{"name":"wp","href":"https:\/\/api.w.org\/{rel}","templated":true}]}}