{"id":7046,"date":"2025-07-29T09:48:45","date_gmt":"2025-07-29T13:48:45","guid":{"rendered":"https:\/\/suanoticiaaqui.com.br\/news\/?p=7046"},"modified":"2025-07-29T09:48:45","modified_gmt":"2025-07-29T13:48:45","slug":"stf-muda-de-posicao-e-proibe-manifestacoes-na-praca-dos-tres-poderes","status":"publish","type":"post","link":"https:\/\/suanoticiaaqui.com.br\/news\/2025\/07\/29\/stf-muda-de-posicao-e-proibe-manifestacoes-na-praca-dos-tres-poderes\/","title":{"rendered":"STF muda de posi\u00e7\u00e3o e pro\u00edbe manifesta\u00e7\u00f5es na Pra\u00e7a dos Tr\u00eas Poderes"},"content":{"rendered":"\n<p>Decis\u00e3o de Alexandre de Moraes contradiz julgamento un\u00e2nime de 2007 que garantia o direito de reuni\u00e3o no local<\/p>\n\n\n\n<ul class=\"wp-block-list\">\n<li>por <a href=\"https:\/\/bradockshow.com.br\/author\/marcotoledo\/\">Marco Toledo<\/a><\/li>\n<\/ul>\n\n\n\n<p>Neste s\u00e1bado (26), a Pra\u00e7a dos Tr\u00eas Poderes amanheceu cercada e interditada por ordem do ministro Alexandre de Moraes, atendendo a pedido do procurador-geral Paulo Gonet.<\/p>\n\n\n\n<p>A justificativa seria evitar atos semelhantes aos de 8 de janeiro. No entanto, a decis\u00e3o confronta julgamento de 2007, quando o STF, por unanimidade, declarou inconstitucional proibir manifesta\u00e7\u00f5es no local.<\/p>\n\n\n\n<p>Na \u00e9poca, o PT moveu a\u00e7\u00e3o contra o Decreto n\u00ba 2.098\/1999, do ent\u00e3o governador Joaquim Roriz (PMDB), que vetava atos com carros e som.<\/p>\n\n\n\n<p>O relator, ministro Ricardo Lewandowski, hoje ministro da Justi\u00e7a de Lula, considerou a proibi\u00e7\u00e3o \u201cinadequada, desnecess\u00e1ria e desproporcional\u201d.<\/p>\n\n\n\n<p>Ministros como C\u00e1rmen L\u00facia, Gilmar Mendes e Celso de Mello defenderam o direito de reuni\u00e3o como pilar constitucional. Agora, com a nova determina\u00e7\u00e3o, o STF adota postura oposta, limitando o espa\u00e7o p\u00fablico originalmente \u201cprojetado para o povo\u201d.<\/p>\n","protected":false},"excerpt":{"rendered":"<p>Decis\u00e3o de Alexandre de Moraes contradiz julgamento un\u00e2nime de 2007 que garantia o direito de reuni\u00e3o no local Neste s\u00e1bado&hellip;<\/p>\n","protected":false},"author":1,"featured_media":7047,"comment_status":"open","ping_status":"open","sticky":false,"template":"","format":"standard","meta":{"footnotes":""},"categories":[1],"tags":[],"class_list":["post-7046","post","type-post","status-publish","format-standard","has-post-thumbnail","hentry","category-uncategorized"],"_links":{"self":[{"href":"https:\/\/suanoticiaaqui.com.br\/news\/wp-json\/wp\/v2\/posts\/7046","targetHints":{"allow":["GET"]}}],"collection":[{"href":"https:\/\/suanoticiaaqui.com.br\/news\/wp-json\/wp\/v2\/posts"}],"about":[{"href":"https:\/\/suanoticiaaqui.com.br\/news\/wp-json\/wp\/v2\/types\/post"}],"author":[{"embeddable":true,"href":"https:\/\/suanoticiaaqui.com.br\/news\/wp-json\/wp\/v2\/users\/1"}],"replies":[{"embeddable":true,"href":"https:\/\/suanoticiaaqui.com.br\/news\/wp-json\/wp\/v2\/comments?post=7046"}],"version-history":[{"count":1,"href":"https:\/\/suanoticiaaqui.com.br\/news\/wp-json\/wp\/v2\/posts\/7046\/revisions"}],"predecessor-version":[{"id":7048,"href":"https:\/\/suanoticiaaqui.com.br\/news\/wp-json\/wp\/v2\/posts\/7046\/revisions\/7048"}],"wp:featuredmedia":[{"embeddable":true,"href":"https:\/\/suanoticiaaqui.com.br\/news\/wp-json\/wp\/v2\/media\/7047"}],"wp:attachment":[{"href":"https:\/\/suanoticiaaqui.com.br\/news\/wp-json\/wp\/v2\/media?parent=7046"}],"wp:term":[{"taxonomy":"category","embeddable":true,"href":"https:\/\/suanoticiaaqui.com.br\/news\/wp-json\/wp\/v2\/categories?post=7046"},{"taxonomy":"post_tag","embeddable":true,"href":"https:\/\/suanoticiaaqui.com.br\/news\/wp-json\/wp\/v2\/tags?post=7046"}],"curies":[{"name":"wp","href":"https:\/\/api.w.org\/{rel}","templated":true}]}}