{"id":7049,"date":"2025-07-29T09:50:24","date_gmt":"2025-07-29T13:50:24","guid":{"rendered":"https:\/\/suanoticiaaqui.com.br\/news\/?p=7049"},"modified":"2025-07-29T09:50:24","modified_gmt":"2025-07-29T13:50:24","slug":"trump-anuncia-tarifas-de-ate-20-a-paises-sem-acordo-com-os-eua","status":"publish","type":"post","link":"https:\/\/suanoticiaaqui.com.br\/news\/2025\/07\/29\/trump-anuncia-tarifas-de-ate-20-a-paises-sem-acordo-com-os-eua\/","title":{"rendered":"Trump anuncia tarifas de at\u00e9 20% a pa\u00edses sem acordo com os EUA"},"content":{"rendered":"\n<p>Presidente americano prepara ofensiva comercial e notificar\u00e1 cerca de 200 na\u00e7\u00f5es<\/p>\n\n\n\n<ul class=\"wp-block-list\">\n<li><a href=\"https:\/\/bradockshow.com.br\/author\/marcotoledo\/\"><\/a>por <a href=\"https:\/\/bradockshow.com.br\/author\/marcotoledo\/\">Marco Toledo<\/a><\/li>\n<\/ul>\n\n\n\n<p>O presidente dos Estados Unidos, Donald Trump, afirmou nesta segunda-feira (28) que pa\u00edses que n\u00e3o firmarem acordos comerciais com Washington estar\u00e3o sujeitos a tarifas entre 15% e 20% sobre suas exporta\u00e7\u00f5es.<\/p>\n\n\n\n<p>A declara\u00e7\u00e3o foi feita durante entrevista coletiva ao lado do primeiro-ministro brit\u00e2nico, Keir Starmer, na Esc\u00f3cia.<\/p>\n\n\n\n<p>\u201cDiria que ser\u00e1 em algum lugar na faixa de 15% a 20%\u201d, disse Trump, acrescentando que o governo americano j\u00e1 prepara o envio de cartas notificando cerca de 200 pa\u00edses sobre as novas medidas. Segundo o presidente, o objetivo \u00e9 proteger a ind\u00fastria americana e refor\u00e7ar parcerias estrat\u00e9gicas com na\u00e7\u00f5es que estejam dispostas a negociar termos favor\u00e1veis.<\/p>\n\n\n\n<p>A iniciativa marca uma nova etapa da pol\u00edtica comercial norte-americana, que busca reduzir o d\u00e9ficit com parceiros e exigir maior reciprocidade nas rela\u00e7\u00f5es comerciais internacionais.<\/p>\n","protected":false},"excerpt":{"rendered":"<p>Presidente americano prepara ofensiva comercial e notificar\u00e1 cerca de 200 na\u00e7\u00f5es O presidente dos Estados Unidos, Donald Trump, afirmou nesta&hellip;<\/p>\n","protected":false},"author":1,"featured_media":7050,"comment_status":"open","ping_status":"open","sticky":false,"template":"","format":"standard","meta":{"footnotes":""},"categories":[1],"tags":[],"class_list":["post-7049","post","type-post","status-publish","format-standard","has-post-thumbnail","hentry","category-uncategorized"],"_links":{"self":[{"href":"https:\/\/suanoticiaaqui.com.br\/news\/wp-json\/wp\/v2\/posts\/7049","targetHints":{"allow":["GET"]}}],"collection":[{"href":"https:\/\/suanoticiaaqui.com.br\/news\/wp-json\/wp\/v2\/posts"}],"about":[{"href":"https:\/\/suanoticiaaqui.com.br\/news\/wp-json\/wp\/v2\/types\/post"}],"author":[{"embeddable":true,"href":"https:\/\/suanoticiaaqui.com.br\/news\/wp-json\/wp\/v2\/users\/1"}],"replies":[{"embeddable":true,"href":"https:\/\/suanoticiaaqui.com.br\/news\/wp-json\/wp\/v2\/comments?post=7049"}],"version-history":[{"count":1,"href":"https:\/\/suanoticiaaqui.com.br\/news\/wp-json\/wp\/v2\/posts\/7049\/revisions"}],"predecessor-version":[{"id":7051,"href":"https:\/\/suanoticiaaqui.com.br\/news\/wp-json\/wp\/v2\/posts\/7049\/revisions\/7051"}],"wp:featuredmedia":[{"embeddable":true,"href":"https:\/\/suanoticiaaqui.com.br\/news\/wp-json\/wp\/v2\/media\/7050"}],"wp:attachment":[{"href":"https:\/\/suanoticiaaqui.com.br\/news\/wp-json\/wp\/v2\/media?parent=7049"}],"wp:term":[{"taxonomy":"category","embeddable":true,"href":"https:\/\/suanoticiaaqui.com.br\/news\/wp-json\/wp\/v2\/categories?post=7049"},{"taxonomy":"post_tag","embeddable":true,"href":"https:\/\/suanoticiaaqui.com.br\/news\/wp-json\/wp\/v2\/tags?post=7049"}],"curies":[{"name":"wp","href":"https:\/\/api.w.org\/{rel}","templated":true}]}}