{"id":7052,"date":"2025-07-29T09:51:20","date_gmt":"2025-07-29T13:51:20","guid":{"rendered":"https:\/\/suanoticiaaqui.com.br\/news\/?p=7052"},"modified":"2025-07-29T09:51:20","modified_gmt":"2025-07-29T13:51:20","slug":"moraes-proibe-fardas-em-interrogatorio-e-expoe-militares-a-constrangimento","status":"publish","type":"post","link":"https:\/\/suanoticiaaqui.com.br\/news\/2025\/07\/29\/moraes-proibe-fardas-em-interrogatorio-e-expoe-militares-a-constrangimento\/","title":{"rendered":"Moraes pro\u00edbe fardas em interrogat\u00f3rio e exp\u00f5e militares a constrangimento"},"content":{"rendered":"\n<p>Decis\u00e3o sem despacho formal obriga acusados a trocar de roupa e gera protestos de advogados<\/p>\n\n\n\n<ul class=\"wp-block-list\">\n<li><a href=\"https:\/\/bradockshow.com.br\/author\/marcotoledo\/\"><\/a>por <a href=\"https:\/\/bradockshow.com.br\/author\/marcotoledo\/\">Marco Toledo<\/a><\/li>\n<\/ul>\n\n\n\n<p>O ministro Alexandre de Moraes, do STF, proibiu o uso de fardas nos interrogat\u00f3rios de militares acusados de envolvimento em suposta tentativa de golpe em 2022.<\/p>\n\n\n\n<p>A determina\u00e7\u00e3o atingiu nove oficiais das For\u00e7as Armadas e um agente da Pol\u00edcia Federal, que integram o chamado &#8220;n\u00facleo 3&#8221;. A ordem, sem despacho oficial, causou constrangimento aos r\u00e9us e foi questionada pelas defesas.<\/p>\n\n\n\n<p>Dois acusados chegaram uniformizados, mas foram for\u00e7ados a trocar de roupa antes do in\u00edcio da audi\u00eancia. A defesa alegou que a medida, al\u00e9m de informal, exp\u00f4s os r\u00e9us a situa\u00e7\u00e3o vexat\u00f3ria. Um dos advogados sugeriu o adiamento da oitiva, enquanto outro relatou que seu cliente precisou pegar roupa emprestada.<\/p>\n\n\n\n<p>A justificativa dada pelo juiz auxiliar Rafael Tamai foi de que a acusa\u00e7\u00e3o \u00e9 individual, n\u00e3o contra as institui\u00e7\u00f5es. A PGR acusa os r\u00e9us de a\u00e7\u00f5es de campo e press\u00e3o sobre o Ex\u00e9rcito. At\u00e9 o fechamento do texto, os depoimentos n\u00e3o haviam iniciado.<\/p>\n","protected":false},"excerpt":{"rendered":"<p>Decis\u00e3o sem despacho formal obriga acusados a trocar de roupa e gera protestos de advogados O ministro Alexandre de Moraes,&hellip;<\/p>\n","protected":false},"author":1,"featured_media":7053,"comment_status":"open","ping_status":"open","sticky":false,"template":"","format":"standard","meta":{"footnotes":""},"categories":[1],"tags":[],"class_list":["post-7052","post","type-post","status-publish","format-standard","has-post-thumbnail","hentry","category-uncategorized"],"_links":{"self":[{"href":"https:\/\/suanoticiaaqui.com.br\/news\/wp-json\/wp\/v2\/posts\/7052","targetHints":{"allow":["GET"]}}],"collection":[{"href":"https:\/\/suanoticiaaqui.com.br\/news\/wp-json\/wp\/v2\/posts"}],"about":[{"href":"https:\/\/suanoticiaaqui.com.br\/news\/wp-json\/wp\/v2\/types\/post"}],"author":[{"embeddable":true,"href":"https:\/\/suanoticiaaqui.com.br\/news\/wp-json\/wp\/v2\/users\/1"}],"replies":[{"embeddable":true,"href":"https:\/\/suanoticiaaqui.com.br\/news\/wp-json\/wp\/v2\/comments?post=7052"}],"version-history":[{"count":1,"href":"https:\/\/suanoticiaaqui.com.br\/news\/wp-json\/wp\/v2\/posts\/7052\/revisions"}],"predecessor-version":[{"id":7054,"href":"https:\/\/suanoticiaaqui.com.br\/news\/wp-json\/wp\/v2\/posts\/7052\/revisions\/7054"}],"wp:featuredmedia":[{"embeddable":true,"href":"https:\/\/suanoticiaaqui.com.br\/news\/wp-json\/wp\/v2\/media\/7053"}],"wp:attachment":[{"href":"https:\/\/suanoticiaaqui.com.br\/news\/wp-json\/wp\/v2\/media?parent=7052"}],"wp:term":[{"taxonomy":"category","embeddable":true,"href":"https:\/\/suanoticiaaqui.com.br\/news\/wp-json\/wp\/v2\/categories?post=7052"},{"taxonomy":"post_tag","embeddable":true,"href":"https:\/\/suanoticiaaqui.com.br\/news\/wp-json\/wp\/v2\/tags?post=7052"}],"curies":[{"name":"wp","href":"https:\/\/api.w.org\/{rel}","templated":true}]}}