{"id":7055,"date":"2025-07-29T09:52:29","date_gmt":"2025-07-29T13:52:29","guid":{"rendered":"https:\/\/suanoticiaaqui.com.br\/news\/?p=7055"},"modified":"2025-07-29T09:52:29","modified_gmt":"2025-07-29T13:52:29","slug":"nunca-abaixei-a-cabeca-diz-pacheco-ao-criticar-aliados-de-bolsonaro","status":"publish","type":"post","link":"https:\/\/suanoticiaaqui.com.br\/news\/2025\/07\/29\/nunca-abaixei-a-cabeca-diz-pacheco-ao-criticar-aliados-de-bolsonaro\/","title":{"rendered":"&#8216;Nunca abaixei a cabe\u00e7a&#8217;, diz Pacheco ao criticar aliados de Bolsonaro"},"content":{"rendered":"\n<p>Ex-presidente do Senado refor\u00e7a oposi\u00e7\u00e3o \u00e0 anistia dos condenados pelo 8 de Janeiro e se alinha ao discurso do governo Lula<\/p>\n\n\n\n<ul class=\"wp-block-list\">\n<li><a href=\"https:\/\/bradockshow.com.br\/author\/marcotoledo\/\"><\/a>por <a href=\"https:\/\/bradockshow.com.br\/author\/marcotoledo\/\">Marco Toledo<\/a><\/li>\n<\/ul>\n\n\n\n<p>O ex-presidente do Senado, Rodrigo Pacheco (PSD-MG), rebateu neste domingo (27.jul.2025) as cr\u00edticas de aliados e apoiadores do ex-presidente Jair Bolsonaro (PL), ap\u00f3s se declarar contra uma anistia \u201campla, geral e irrestrita\u201d aos condenados pelos atos do 8 de Janeiro.<\/p>\n\n\n\n<p>\u201cConvivo com esse tom agressivo da extrema direita desde antes de presidir o Senado\u201d, afirmou \u00e0 CNN Brasil. \u201cNunca abaixei a cabe\u00e7a para esse grupo, que s\u00f3 faz gritar e agredir.<\/p>\n\n\n\n<p>N\u00e3o prop\u00f5e nada de relevante e \u00fatil\u201d, disse. A declara\u00e7\u00e3o ocorreu ap\u00f3s evento ao lado do presidente Luiz In\u00e1cio Lula da Silva (PT), na \u00faltima quinta-feira (24.jul).<\/p>\n\n\n\n<p>Segundo Pacheco, defender anistia \u00e9 tratar os ataques \u00e0s sedes dos Tr\u00eas Poderes como um \u201cpasseio no parque\u201d. Ele voltou a falar em \u201cplano de golpe\u201d e \u201cminuta de golpe\u201d, refor\u00e7ando a narrativa oficial. \u00c0 CNN, afirmou que sua fala \u00e9 \u201cuma defesa da democracia\u201d e que essa deveria ser \u201cobriga\u00e7\u00e3o de todos, esquerda, centro e direita\u201d.<\/p>\n","protected":false},"excerpt":{"rendered":"<p>Ex-presidente do Senado refor\u00e7a oposi\u00e7\u00e3o \u00e0 anistia dos condenados pelo 8 de Janeiro e se alinha ao discurso do governo&hellip;<\/p>\n","protected":false},"author":1,"featured_media":7056,"comment_status":"open","ping_status":"open","sticky":false,"template":"","format":"standard","meta":{"footnotes":""},"categories":[1],"tags":[],"class_list":["post-7055","post","type-post","status-publish","format-standard","has-post-thumbnail","hentry","category-uncategorized"],"_links":{"self":[{"href":"https:\/\/suanoticiaaqui.com.br\/news\/wp-json\/wp\/v2\/posts\/7055","targetHints":{"allow":["GET"]}}],"collection":[{"href":"https:\/\/suanoticiaaqui.com.br\/news\/wp-json\/wp\/v2\/posts"}],"about":[{"href":"https:\/\/suanoticiaaqui.com.br\/news\/wp-json\/wp\/v2\/types\/post"}],"author":[{"embeddable":true,"href":"https:\/\/suanoticiaaqui.com.br\/news\/wp-json\/wp\/v2\/users\/1"}],"replies":[{"embeddable":true,"href":"https:\/\/suanoticiaaqui.com.br\/news\/wp-json\/wp\/v2\/comments?post=7055"}],"version-history":[{"count":1,"href":"https:\/\/suanoticiaaqui.com.br\/news\/wp-json\/wp\/v2\/posts\/7055\/revisions"}],"predecessor-version":[{"id":7057,"href":"https:\/\/suanoticiaaqui.com.br\/news\/wp-json\/wp\/v2\/posts\/7055\/revisions\/7057"}],"wp:featuredmedia":[{"embeddable":true,"href":"https:\/\/suanoticiaaqui.com.br\/news\/wp-json\/wp\/v2\/media\/7056"}],"wp:attachment":[{"href":"https:\/\/suanoticiaaqui.com.br\/news\/wp-json\/wp\/v2\/media?parent=7055"}],"wp:term":[{"taxonomy":"category","embeddable":true,"href":"https:\/\/suanoticiaaqui.com.br\/news\/wp-json\/wp\/v2\/categories?post=7055"},{"taxonomy":"post_tag","embeddable":true,"href":"https:\/\/suanoticiaaqui.com.br\/news\/wp-json\/wp\/v2\/tags?post=7055"}],"curies":[{"name":"wp","href":"https:\/\/api.w.org\/{rel}","templated":true}]}}