{"id":7061,"date":"2025-07-29T09:54:33","date_gmt":"2025-07-29T13:54:33","guid":{"rendered":"https:\/\/suanoticiaaqui.com.br\/news\/?p=7061"},"modified":"2025-07-29T09:54:33","modified_gmt":"2025-07-29T13:54:33","slug":"lula-fala-em-soberania-mas-isola-brasil-e-agrava-crise-com-eua","status":"publish","type":"post","link":"https:\/\/suanoticiaaqui.com.br\/news\/2025\/07\/29\/lula-fala-em-soberania-mas-isola-brasil-e-agrava-crise-com-eua\/","title":{"rendered":"Lula fala em soberania, mas isola Brasil e agrava crise com EUA"},"content":{"rendered":"\n<p>Postura ideol\u00f3gica e decis\u00f5es judiciais controversas afastam governo de poss\u00edvel acordo com Trump<\/p>\n\n\n\n<ul class=\"wp-block-list\">\n<li><a href=\"https:\/\/bradockshow.com.br\/author\/marcotoledo\/\"><\/a>por <a href=\"https:\/\/bradockshow.com.br\/author\/marcotoledo\/\">Marco Toledo<\/a><\/li>\n<\/ul>\n\n\n\n<p>Ap\u00f3s o presidente Donald Trump confirmar a entrada em vigor do tarifa\u00e7o de 50% a partir de 1\u00ba de agosto, o governo Lula reagiu com uma nota evasiva. O Minist\u00e9rio da Ind\u00fastria, comandado por Geraldo Alckmin, alegou que o Brasil est\u00e1 \u201caberto ao di\u00e1logo\u201d, mas que a \u201csoberania \u00e9 inegoci\u00e1vel\u201d.<\/p>\n\n\n\n<p>A ret\u00f3rica, no entanto, esconde o isolamento diplom\u00e1tico crescente com os Estados Unidos.<\/p>\n\n\n\n<p>Desde a posse de Trump, Lula tem evitado encontros diretos e recorre a ironias e provoca\u00e7\u00f5es. Chegou a dizer que se Trump estivesse \u201ctrucando\u201d, o Brasil \u201cpediria 6\u201d, como se pol\u00edtica internacional fosse jogo de cartas.<\/p>\n\n\n\n<p>Enquanto isso, o chanceler Mauro Vieira segue sem ser recebido pelo Departamento de Estado, e decis\u00f5es internas como a ordem de tornozeleira a Bolsonaro e a expuls\u00e3o de H\u00e9lio Lopes da Pra\u00e7a dos Tr\u00eas Poderes refor\u00e7am a imagem autorit\u00e1ria que pesa contra o Brasil no cen\u00e1rio externo.<\/p>\n\n\n\n<p>Com isso, o pa\u00eds se distancia ainda mais de um acordo comercial, enquanto a ret\u00f3rica ideol\u00f3gica e as a\u00e7\u00f5es internas minam qualquer chance de avan\u00e7o nas rela\u00e7\u00f5es bilaterais.<\/p>\n\n\n\n<p><strong>Leia abaixo a \u00edntegra da nota do Minist\u00e9rio do Desenvolvimento, Ind\u00fastria, Com\u00e9rcio e Servi\u00e7os:&nbsp;<\/strong><\/p>\n\n\n\n<p><em>\u201cDesde o an\u00fancio das medidas unilaterais feito pelo governo norte-americano, o governo brasileiro, por orienta\u00e7\u00e3o do presidente Luiz In\u00e1cio Lula da Silva, vem buscando negocia\u00e7\u00e3o com base em di\u00e1logo, sem qualquer contamina\u00e7\u00e3o pol\u00edtica ou ideol\u00f3gica.<\/em><\/p>\n\n\n\n<p><em>\u201cReiteramos que a soberania do Brasil e o Estado democr\u00e1tico de Direito s\u00e3o inegoci\u00e1veis. No entanto, o governo brasileiro continua e seguir\u00e1 aberto ao debate das quest\u00f5es comerciais, em uma postura que j\u00e1 \u00e9 clara tamb\u00e9m para o governo norte-americano.<\/em><\/p>\n\n\n\n<p><em>\u201cO Brasil e os Estados Unidos mant\u00eam uma rela\u00e7\u00e3o econ\u00f4mica robusta e de alto n\u00edvel h\u00e1 mais de 200 anos. O governo brasileiro espera preservar e fortalecer essa parceria hist\u00f3rica, assegurando que ela continue a refletir a profundidade e a import\u00e2ncia de nossos la\u00e7os.\u201d<\/em><\/p>\n","protected":false},"excerpt":{"rendered":"<p>Postura ideol\u00f3gica e decis\u00f5es judiciais controversas afastam governo de poss\u00edvel acordo com Trump Ap\u00f3s o presidente Donald Trump confirmar a&hellip;<\/p>\n","protected":false},"author":1,"featured_media":7062,"comment_status":"open","ping_status":"open","sticky":false,"template":"","format":"standard","meta":{"footnotes":""},"categories":[1],"tags":[],"class_list":["post-7061","post","type-post","status-publish","format-standard","has-post-thumbnail","hentry","category-uncategorized"],"_links":{"self":[{"href":"https:\/\/suanoticiaaqui.com.br\/news\/wp-json\/wp\/v2\/posts\/7061","targetHints":{"allow":["GET"]}}],"collection":[{"href":"https:\/\/suanoticiaaqui.com.br\/news\/wp-json\/wp\/v2\/posts"}],"about":[{"href":"https:\/\/suanoticiaaqui.com.br\/news\/wp-json\/wp\/v2\/types\/post"}],"author":[{"embeddable":true,"href":"https:\/\/suanoticiaaqui.com.br\/news\/wp-json\/wp\/v2\/users\/1"}],"replies":[{"embeddable":true,"href":"https:\/\/suanoticiaaqui.com.br\/news\/wp-json\/wp\/v2\/comments?post=7061"}],"version-history":[{"count":1,"href":"https:\/\/suanoticiaaqui.com.br\/news\/wp-json\/wp\/v2\/posts\/7061\/revisions"}],"predecessor-version":[{"id":7063,"href":"https:\/\/suanoticiaaqui.com.br\/news\/wp-json\/wp\/v2\/posts\/7061\/revisions\/7063"}],"wp:featuredmedia":[{"embeddable":true,"href":"https:\/\/suanoticiaaqui.com.br\/news\/wp-json\/wp\/v2\/media\/7062"}],"wp:attachment":[{"href":"https:\/\/suanoticiaaqui.com.br\/news\/wp-json\/wp\/v2\/media?parent=7061"}],"wp:term":[{"taxonomy":"category","embeddable":true,"href":"https:\/\/suanoticiaaqui.com.br\/news\/wp-json\/wp\/v2\/categories?post=7061"},{"taxonomy":"post_tag","embeddable":true,"href":"https:\/\/suanoticiaaqui.com.br\/news\/wp-json\/wp\/v2\/tags?post=7061"}],"curies":[{"name":"wp","href":"https:\/\/api.w.org\/{rel}","templated":true}]}}