{"id":7064,"date":"2025-07-29T09:56:18","date_gmt":"2025-07-29T13:56:18","guid":{"rendered":"https:\/\/suanoticiaaqui.com.br\/news\/?p=7064"},"modified":"2025-07-29T09:56:18","modified_gmt":"2025-07-29T13:56:18","slug":"homem-e-flagrado-com-cocaina-escondida-em-colchao-e-travesseiro-no-semiaberto","status":"publish","type":"post","link":"https:\/\/suanoticiaaqui.com.br\/news\/2025\/07\/29\/homem-e-flagrado-com-cocaina-escondida-em-colchao-e-travesseiro-no-semiaberto\/","title":{"rendered":"Homem \u00e9 flagrado com coca\u00edna escondida em colch\u00e3o e travesseiro no semiaberto"},"content":{"rendered":"\n<p>Por\u00a0<strong>Charles Aparecido<\/strong><\/p>\n\n\n\n<p>Um homem de 48 anos foi autuado em flagrante na noite de segunda-feira (28), ap\u00f3s ser encontrado com por\u00e7\u00f5es de coca\u00edna dentro da cela onde cumpre pena no Pres\u00eddio Semiaberto de Dourados.<\/p>\n\n\n\n<p>Conforme apurado pelo Dourados News, por volta das 20h50, Policiais Penais realizavam uma vistoria de rotina quando encontraram drogas escondidas no colch\u00e3o e no travesseiro do interno.<\/p>\n\n\n\n<p>Ao todo, foram apreendidas nove por\u00e7\u00f5es de coca\u00edna, totalizando 6,57 gramas. Questionado, o homem confessou ser o dono do entorpecente.<\/p>\n\n\n\n<p>Ele foi encaminhado \u00e0 Delegacia de Pronto Atendimento Comunit\u00e1rio (Depac), onde foi autuado por tr\u00e1fico de drogas. O caso segue sob investiga\u00e7\u00e3o.<\/p>\n","protected":false},"excerpt":{"rendered":"<p>Por\u00a0Charles Aparecido Um homem de 48 anos foi autuado em flagrante na noite de segunda-feira (28), ap\u00f3s ser encontrado com&hellip;<\/p>\n","protected":false},"author":1,"featured_media":7065,"comment_status":"open","ping_status":"open","sticky":false,"template":"","format":"standard","meta":{"footnotes":""},"categories":[1],"tags":[],"class_list":["post-7064","post","type-post","status-publish","format-standard","has-post-thumbnail","hentry","category-uncategorized"],"_links":{"self":[{"href":"https:\/\/suanoticiaaqui.com.br\/news\/wp-json\/wp\/v2\/posts\/7064","targetHints":{"allow":["GET"]}}],"collection":[{"href":"https:\/\/suanoticiaaqui.com.br\/news\/wp-json\/wp\/v2\/posts"}],"about":[{"href":"https:\/\/suanoticiaaqui.com.br\/news\/wp-json\/wp\/v2\/types\/post"}],"author":[{"embeddable":true,"href":"https:\/\/suanoticiaaqui.com.br\/news\/wp-json\/wp\/v2\/users\/1"}],"replies":[{"embeddable":true,"href":"https:\/\/suanoticiaaqui.com.br\/news\/wp-json\/wp\/v2\/comments?post=7064"}],"version-history":[{"count":1,"href":"https:\/\/suanoticiaaqui.com.br\/news\/wp-json\/wp\/v2\/posts\/7064\/revisions"}],"predecessor-version":[{"id":7066,"href":"https:\/\/suanoticiaaqui.com.br\/news\/wp-json\/wp\/v2\/posts\/7064\/revisions\/7066"}],"wp:featuredmedia":[{"embeddable":true,"href":"https:\/\/suanoticiaaqui.com.br\/news\/wp-json\/wp\/v2\/media\/7065"}],"wp:attachment":[{"href":"https:\/\/suanoticiaaqui.com.br\/news\/wp-json\/wp\/v2\/media?parent=7064"}],"wp:term":[{"taxonomy":"category","embeddable":true,"href":"https:\/\/suanoticiaaqui.com.br\/news\/wp-json\/wp\/v2\/categories?post=7064"},{"taxonomy":"post_tag","embeddable":true,"href":"https:\/\/suanoticiaaqui.com.br\/news\/wp-json\/wp\/v2\/tags?post=7064"}],"curies":[{"name":"wp","href":"https:\/\/api.w.org\/{rel}","templated":true}]}}