{"id":7073,"date":"2025-07-30T18:42:45","date_gmt":"2025-07-30T22:42:45","guid":{"rendered":"https:\/\/suanoticiaaqui.com.br\/news\/?p=7073"},"modified":"2025-07-30T18:42:45","modified_gmt":"2025-07-30T22:42:45","slug":"governo-lula-lanca-pacote-bilionario-com-vies-eleitoral-em-meio-a-crise-com-os-eua","status":"publish","type":"post","link":"https:\/\/suanoticiaaqui.com.br\/news\/2025\/07\/30\/governo-lula-lanca-pacote-bilionario-com-vies-eleitoral-em-meio-a-crise-com-os-eua\/","title":{"rendered":"Governo Lula lan\u00e7a pacote bilion\u00e1rio com vi\u00e9s eleitoral em meio \u00e0 crise com os EUA"},"content":{"rendered":"\n<p>Programas sociais tentam conter rejei\u00e7\u00e3o e disfar\u00e7ar impactos da tarifa de Trump sobre produtos brasileiros<\/p>\n\n\n\n<ul class=\"wp-block-list\">\n<li><a href=\"https:\/\/bradockshow.com.br\/author\/marcotoledo\/\"><\/a>por <a href=\"https:\/\/bradockshow.com.br\/author\/marcotoledo\/\">Marco Toledo<\/a><\/li>\n<\/ul>\n\n\n\n<p>O governo Lula prepara um pacote de programas sociais para o segundo semestre de 2025, com claro objetivo de recuperar apoio eleitoral e reagir \u00e0 crescente rejei\u00e7\u00e3o popular, que j\u00e1 atinge 58%, segundo pesquisa Quaest.<\/p>\n\n\n\n<p>As a\u00e7\u00f5es, com apelo populista, miram a classe m\u00e9dia, periferias e motoristas de aplicativos, e coincidem com articula\u00e7\u00f5es para uma poss\u00edvel candidatura do petista a um quarto mandato.<\/p>\n\n\n\n<p>Entre os projetos, o \u201cG\u00e1s para Todos\u201d substituir\u00e1 o Aux\u00edlio G\u00e1s e poder\u00e1 custar at\u00e9 R$ 5 bilh\u00f5es em 2026. Outros R$ 10 bilh\u00f5es ser\u00e3o destinados a financiamento de ve\u00edculos e cr\u00e9dito para pequenos empreendedores.<\/p>\n\n\n\n<p>O pacote tamb\u00e9m tenta amenizar os efeitos da tarifa de 50% imposta por Donald Trump aos produtos brasileiros, com medidas paliativas e compras p\u00fablicas.<\/p>\n\n\n\n<p>Sem apresentar solu\u00e7\u00f5es estruturais para os preju\u00edzos econ\u00f4micos, o governo aposta novamente no assistencialismo como ferramenta pol\u00edtica, ignorando alertas do setor produtivo e ampliando gastos enquanto o pa\u00eds enfrenta crise fiscal e isolamento internacional.<\/p>\n","protected":false},"excerpt":{"rendered":"<p>Programas sociais tentam conter rejei\u00e7\u00e3o e disfar\u00e7ar impactos da tarifa de Trump sobre produtos brasileiros O governo Lula prepara um&hellip;<\/p>\n","protected":false},"author":1,"featured_media":7074,"comment_status":"open","ping_status":"open","sticky":false,"template":"","format":"standard","meta":{"footnotes":""},"categories":[1],"tags":[],"class_list":["post-7073","post","type-post","status-publish","format-standard","has-post-thumbnail","hentry","category-uncategorized"],"_links":{"self":[{"href":"https:\/\/suanoticiaaqui.com.br\/news\/wp-json\/wp\/v2\/posts\/7073","targetHints":{"allow":["GET"]}}],"collection":[{"href":"https:\/\/suanoticiaaqui.com.br\/news\/wp-json\/wp\/v2\/posts"}],"about":[{"href":"https:\/\/suanoticiaaqui.com.br\/news\/wp-json\/wp\/v2\/types\/post"}],"author":[{"embeddable":true,"href":"https:\/\/suanoticiaaqui.com.br\/news\/wp-json\/wp\/v2\/users\/1"}],"replies":[{"embeddable":true,"href":"https:\/\/suanoticiaaqui.com.br\/news\/wp-json\/wp\/v2\/comments?post=7073"}],"version-history":[{"count":1,"href":"https:\/\/suanoticiaaqui.com.br\/news\/wp-json\/wp\/v2\/posts\/7073\/revisions"}],"predecessor-version":[{"id":7075,"href":"https:\/\/suanoticiaaqui.com.br\/news\/wp-json\/wp\/v2\/posts\/7073\/revisions\/7075"}],"wp:featuredmedia":[{"embeddable":true,"href":"https:\/\/suanoticiaaqui.com.br\/news\/wp-json\/wp\/v2\/media\/7074"}],"wp:attachment":[{"href":"https:\/\/suanoticiaaqui.com.br\/news\/wp-json\/wp\/v2\/media?parent=7073"}],"wp:term":[{"taxonomy":"category","embeddable":true,"href":"https:\/\/suanoticiaaqui.com.br\/news\/wp-json\/wp\/v2\/categories?post=7073"},{"taxonomy":"post_tag","embeddable":true,"href":"https:\/\/suanoticiaaqui.com.br\/news\/wp-json\/wp\/v2\/tags?post=7073"}],"curies":[{"name":"wp","href":"https:\/\/api.w.org\/{rel}","templated":true}]}}