{"id":7076,"date":"2025-07-30T18:43:43","date_gmt":"2025-07-30T22:43:43","guid":{"rendered":"https:\/\/suanoticiaaqui.com.br\/news\/?p=7076"},"modified":"2025-07-30T18:43:43","modified_gmt":"2025-07-30T22:43:43","slug":"homem-e-espancado-apos-tentar-furtar-motocicleta-e-fazer-ameacas-com-chave-de-fenda","status":"publish","type":"post","link":"https:\/\/suanoticiaaqui.com.br\/news\/2025\/07\/30\/homem-e-espancado-apos-tentar-furtar-motocicleta-e-fazer-ameacas-com-chave-de-fenda\/","title":{"rendered":"Homem \u00e9 espancado ap\u00f3s tentar furtar motocicleta e fazer amea\u00e7as com chave de fenda"},"content":{"rendered":"\n<ul class=\"wp-block-list\">\n<li>\u00a0por Luiz Guilherme e Sidnei Bronka<\/li>\n<\/ul>\n\n\n\n<p>Cleiton da Silva Ostapenko, de 37 anos, foi espancado por populares na noite desta ter\u00e7a-feira (29\/7), ap\u00f3s tentar furtar motocicleta e fazer amea\u00e7as com chave de fenda no Bairro Panambi Ver\u00e1, em Dourados.<\/p>\n\n\n\n<p>De acordo com informa\u00e7\u00f5es da GMD (Guarda Municipal de Dourados), Cleiton foi flagrado empurrando a moto desligada por uma rua escura nas proximidades de uma lanchonete, no Jardim Fl\u00f3rida II. A propriet\u00e1ria do ve\u00edculo, de 20 anos, percebeu que o ve\u00edculo era a dela e come\u00e7ou a gritar por socorro.<\/p>\n\n\n\n<p>Populares cercaram o indiv\u00edduo, que reagiu de forma violenta, tentando agredir as pessoas com a ferramenta. Foi neste momento que o autor acabou agredido e ficou ca\u00eddo no ch\u00e3o com sangramento na cabe\u00e7a e escoria\u00e7\u00f5es no rosto. Quando a Guarda Municipal chegou ao local, encontrou homem ferido e acionou o Samu (Servi\u00e7o de Atendimento M\u00f3vel de Urg\u00eancia), que prestou atendimento e o encaminhou ao HV (Hospital da Vida).<\/p>\n\n\n\n<p>Ap\u00f3s receber atendimento m\u00e9dico, Cleiton foi levado \u00e0 Depac (Delegacia de Pronto Atendimento Comunit\u00e1rio). Com ele, al\u00e9m da chave de fenda usada nas amea\u00e7as, foi apreendida uma faca sem cabo, com l\u00e2mina de aproximadamente 20 cent\u00edmetros.<\/p>\n\n\n\n<p>No hospital, o ladr\u00e3o tentou se passar pelo irm\u00e3o, fornecendo nome falso. No entanto, ao ser confrontado com o sistema policial, acabou confessando a verdadeira identidade. A equipe constatou que Cleiton est\u00e1 foragido do sistema prisional desde 16 de junho deste ano e possui mandado de pris\u00e3o em aberto pelo regime semiaberto, v\u00e1lido at\u00e9 junho de 2029.<\/p>\n\n\n\n<p>Segundo a v\u00edtima, a motocicleta estava guardada no quintal da resid\u00eancia e foi levada ap\u00f3s o homem empurrar o port\u00e3o, que n\u00e3o possui tranca.<\/p>\n","protected":false},"excerpt":{"rendered":"<p>Cleiton da Silva Ostapenko, de 37 anos, foi espancado por populares na noite desta ter\u00e7a-feira (29\/7), ap\u00f3s tentar furtar motocicleta&hellip;<\/p>\n","protected":false},"author":1,"featured_media":7077,"comment_status":"open","ping_status":"open","sticky":false,"template":"","format":"standard","meta":{"footnotes":""},"categories":[1],"tags":[],"class_list":["post-7076","post","type-post","status-publish","format-standard","has-post-thumbnail","hentry","category-uncategorized"],"_links":{"self":[{"href":"https:\/\/suanoticiaaqui.com.br\/news\/wp-json\/wp\/v2\/posts\/7076","targetHints":{"allow":["GET"]}}],"collection":[{"href":"https:\/\/suanoticiaaqui.com.br\/news\/wp-json\/wp\/v2\/posts"}],"about":[{"href":"https:\/\/suanoticiaaqui.com.br\/news\/wp-json\/wp\/v2\/types\/post"}],"author":[{"embeddable":true,"href":"https:\/\/suanoticiaaqui.com.br\/news\/wp-json\/wp\/v2\/users\/1"}],"replies":[{"embeddable":true,"href":"https:\/\/suanoticiaaqui.com.br\/news\/wp-json\/wp\/v2\/comments?post=7076"}],"version-history":[{"count":1,"href":"https:\/\/suanoticiaaqui.com.br\/news\/wp-json\/wp\/v2\/posts\/7076\/revisions"}],"predecessor-version":[{"id":7078,"href":"https:\/\/suanoticiaaqui.com.br\/news\/wp-json\/wp\/v2\/posts\/7076\/revisions\/7078"}],"wp:featuredmedia":[{"embeddable":true,"href":"https:\/\/suanoticiaaqui.com.br\/news\/wp-json\/wp\/v2\/media\/7077"}],"wp:attachment":[{"href":"https:\/\/suanoticiaaqui.com.br\/news\/wp-json\/wp\/v2\/media?parent=7076"}],"wp:term":[{"taxonomy":"category","embeddable":true,"href":"https:\/\/suanoticiaaqui.com.br\/news\/wp-json\/wp\/v2\/categories?post=7076"},{"taxonomy":"post_tag","embeddable":true,"href":"https:\/\/suanoticiaaqui.com.br\/news\/wp-json\/wp\/v2\/tags?post=7076"}],"curies":[{"name":"wp","href":"https:\/\/api.w.org\/{rel}","templated":true}]}}