{"id":7082,"date":"2025-07-30T18:45:36","date_gmt":"2025-07-30T22:45:36","guid":{"rendered":"https:\/\/suanoticiaaqui.com.br\/news\/?p=7082"},"modified":"2025-07-30T18:45:36","modified_gmt":"2025-07-30T22:45:36","slug":"justica-mantem-condenacao-de-dallagnol-por-caso-do-powerpoint","status":"publish","type":"post","link":"https:\/\/suanoticiaaqui.com.br\/news\/2025\/07\/30\/justica-mantem-condenacao-de-dallagnol-por-caso-do-powerpoint\/","title":{"rendered":"Justi\u00e7a mant\u00e9m condena\u00e7\u00e3o de Dallagnol por caso do PowerPoint"},"content":{"rendered":"\n<p>Ex-procurador ter\u00e1 de pagar R$ 135 mil a Lula por danos morais<\/p>\n\n\n\n<ul class=\"wp-block-list\">\n<li><a href=\"https:\/\/bradockshow.com.br\/author\/marcotoledo\/\"><\/a>por <a href=\"https:\/\/bradockshow.com.br\/author\/marcotoledo\/\">Marco Toledo<\/a><\/li>\n<\/ul>\n\n\n\n<p>A Justi\u00e7a de S\u00e3o Paulo determinou que o ex-procurador da Lava Jato, Deltan Dallagnol, pague R$ 135,4 mil ao presidente Lula por danos morais, no prazo de 15 dias. A condena\u00e7\u00e3o decorre da pol\u00eamica coletiva de 2016, quando Dallagnol apresentou um PowerPoint associando Lula \u00e0 chefia de um esquema de corrup\u00e7\u00e3o no caso do tr\u00edplex do Guaruj\u00e1. A decis\u00e3o foi assinada pelo juiz Carlo Brito Melfi.<\/p>\n\n\n\n<p>O valor estipulado inclui juros, corre\u00e7\u00e3o monet\u00e1ria e honor\u00e1rios advocat\u00edcios. Se o pagamento n\u00e3o for efetuado no prazo, haver\u00e1 multa de 10%. Segundo o jornalista Rog\u00e9rio Gentile, do UOL, Dallagnol j\u00e1 n\u00e3o pode recorrer ao m\u00e9rito do processo, restando apenas a possibilidade de impugnar o valor definido.<\/p>\n\n\n\n<p>A Justi\u00e7a entendeu que o ex-procurador excedeu suas atribui\u00e7\u00f5es ao utilizar linguagem considerada desrespeitosa contra Lula, em vez de limitar-se \u00e0 fun\u00e7\u00e3o t\u00e9cnica do Minist\u00e9rio P\u00fablico.<\/p>\n","protected":false},"excerpt":{"rendered":"<p>Ex-procurador ter\u00e1 de pagar R$ 135 mil a Lula por danos morais A Justi\u00e7a de S\u00e3o Paulo determinou que o&hellip;<\/p>\n","protected":false},"author":1,"featured_media":7083,"comment_status":"open","ping_status":"open","sticky":false,"template":"","format":"standard","meta":{"footnotes":""},"categories":[1],"tags":[],"class_list":["post-7082","post","type-post","status-publish","format-standard","has-post-thumbnail","hentry","category-uncategorized"],"_links":{"self":[{"href":"https:\/\/suanoticiaaqui.com.br\/news\/wp-json\/wp\/v2\/posts\/7082","targetHints":{"allow":["GET"]}}],"collection":[{"href":"https:\/\/suanoticiaaqui.com.br\/news\/wp-json\/wp\/v2\/posts"}],"about":[{"href":"https:\/\/suanoticiaaqui.com.br\/news\/wp-json\/wp\/v2\/types\/post"}],"author":[{"embeddable":true,"href":"https:\/\/suanoticiaaqui.com.br\/news\/wp-json\/wp\/v2\/users\/1"}],"replies":[{"embeddable":true,"href":"https:\/\/suanoticiaaqui.com.br\/news\/wp-json\/wp\/v2\/comments?post=7082"}],"version-history":[{"count":1,"href":"https:\/\/suanoticiaaqui.com.br\/news\/wp-json\/wp\/v2\/posts\/7082\/revisions"}],"predecessor-version":[{"id":7084,"href":"https:\/\/suanoticiaaqui.com.br\/news\/wp-json\/wp\/v2\/posts\/7082\/revisions\/7084"}],"wp:featuredmedia":[{"embeddable":true,"href":"https:\/\/suanoticiaaqui.com.br\/news\/wp-json\/wp\/v2\/media\/7083"}],"wp:attachment":[{"href":"https:\/\/suanoticiaaqui.com.br\/news\/wp-json\/wp\/v2\/media?parent=7082"}],"wp:term":[{"taxonomy":"category","embeddable":true,"href":"https:\/\/suanoticiaaqui.com.br\/news\/wp-json\/wp\/v2\/categories?post=7082"},{"taxonomy":"post_tag","embeddable":true,"href":"https:\/\/suanoticiaaqui.com.br\/news\/wp-json\/wp\/v2\/tags?post=7082"}],"curies":[{"name":"wp","href":"https:\/\/api.w.org\/{rel}","templated":true}]}}