{"id":7085,"date":"2025-07-30T18:46:46","date_gmt":"2025-07-30T22:46:46","guid":{"rendered":"https:\/\/suanoticiaaqui.com.br\/news\/?p=7085"},"modified":"2025-07-30T18:46:46","modified_gmt":"2025-07-30T22:46:46","slug":"moradora-do-rio-de-janeiro-e-presa-com-316-quilos-de-maconha-na-rodoviaria","status":"publish","type":"post","link":"https:\/\/suanoticiaaqui.com.br\/news\/2025\/07\/30\/moradora-do-rio-de-janeiro-e-presa-com-316-quilos-de-maconha-na-rodoviaria\/","title":{"rendered":"Moradora do Rio de Janeiro \u00e9 presa com 31,6 quilos de maconha na rodovi\u00e1ria"},"content":{"rendered":"\n<ul class=\"wp-block-list\">\n<li>por\u00a0Luiz Guilherme e Sidnei Bronka<\/li>\n<\/ul>\n\n\n\n<p>Por volta das 10h35 desta ter\u00e7a-feira (29\/7), guarni\u00e7\u00e3o da GMA (Guarda Municipal Ambiental) prendeu Camila Carla In\u00e1cio C\u00e2ndido, moradora no estado do Rio de Janeiro, com 31,6 quilos de maconha no Terminal Renato Lemes Soares, em Dourados.<\/p>\n\n\n\n<p>Segundo o boletim de ocorr\u00eancia, os agentes foram abordados por popular que n\u00e3o quis se identificar, informando que uma mulher com blusa preta e cal\u00e7a jeans ao ver a viatura, ficou nervosa e pegando duas malas foi para tr\u00e1s do pr\u00e9dio.<\/p>\n\n\n\n<p>Diante da den\u00fancia, os guarda sa\u00edram em e encontraram Camila escondida atr\u00e1s de uma \u00e1rvore. Ao ser questionada para onde estaria embarcando, informou que iria para a cidade do Rio de Janeiro, por\u00e9m, n\u00e3o quis dizer de onde vinha.<\/p>\n\n\n\n<p>Ela ainda disse que a guarni\u00e7\u00e3o poderia abrir a mala, momento em que foram encontrados v\u00e1rios tabletes de maconha, sendo que em outra bagagem, havia mais droga. Camila acabou contando que pegou a mala e a mochila em Coronel Sapucaia e foi contratada para vir at\u00e9 a regi\u00e3o de fronteira buscar o entorpecente e depois lev\u00e1-lo ao Rio de Janeiro, onde receberia R$ 3 mil, ainda conforme informa\u00e7\u00f5es do registro policial.<\/p>\n\n\n\n<p>Diante dos fatos, a autora recebeu voz de pris\u00e3o e foi encaminhada para a Depac (Delegacia de Pronto Atendimento Comunit\u00e1rio) para as provid\u00eancias cab\u00edveis.<\/p>\n","protected":false},"excerpt":{"rendered":"<p>Por volta das 10h35 desta ter\u00e7a-feira (29\/7), guarni\u00e7\u00e3o da GMA (Guarda Municipal Ambiental) prendeu Camila Carla In\u00e1cio C\u00e2ndido, moradora no&hellip;<\/p>\n","protected":false},"author":1,"featured_media":7086,"comment_status":"open","ping_status":"open","sticky":false,"template":"","format":"standard","meta":{"footnotes":""},"categories":[1],"tags":[],"class_list":["post-7085","post","type-post","status-publish","format-standard","has-post-thumbnail","hentry","category-uncategorized"],"_links":{"self":[{"href":"https:\/\/suanoticiaaqui.com.br\/news\/wp-json\/wp\/v2\/posts\/7085","targetHints":{"allow":["GET"]}}],"collection":[{"href":"https:\/\/suanoticiaaqui.com.br\/news\/wp-json\/wp\/v2\/posts"}],"about":[{"href":"https:\/\/suanoticiaaqui.com.br\/news\/wp-json\/wp\/v2\/types\/post"}],"author":[{"embeddable":true,"href":"https:\/\/suanoticiaaqui.com.br\/news\/wp-json\/wp\/v2\/users\/1"}],"replies":[{"embeddable":true,"href":"https:\/\/suanoticiaaqui.com.br\/news\/wp-json\/wp\/v2\/comments?post=7085"}],"version-history":[{"count":1,"href":"https:\/\/suanoticiaaqui.com.br\/news\/wp-json\/wp\/v2\/posts\/7085\/revisions"}],"predecessor-version":[{"id":7087,"href":"https:\/\/suanoticiaaqui.com.br\/news\/wp-json\/wp\/v2\/posts\/7085\/revisions\/7087"}],"wp:featuredmedia":[{"embeddable":true,"href":"https:\/\/suanoticiaaqui.com.br\/news\/wp-json\/wp\/v2\/media\/7086"}],"wp:attachment":[{"href":"https:\/\/suanoticiaaqui.com.br\/news\/wp-json\/wp\/v2\/media?parent=7085"}],"wp:term":[{"taxonomy":"category","embeddable":true,"href":"https:\/\/suanoticiaaqui.com.br\/news\/wp-json\/wp\/v2\/categories?post=7085"},{"taxonomy":"post_tag","embeddable":true,"href":"https:\/\/suanoticiaaqui.com.br\/news\/wp-json\/wp\/v2\/tags?post=7085"}],"curies":[{"name":"wp","href":"https:\/\/api.w.org\/{rel}","templated":true}]}}