{"id":7088,"date":"2025-07-30T18:47:38","date_gmt":"2025-07-30T22:47:38","guid":{"rendered":"https:\/\/suanoticiaaqui.com.br\/news\/?p=7088"},"modified":"2025-07-30T18:47:38","modified_gmt":"2025-07-30T22:47:38","slug":"zambelli-e-detida-na-italia-apos-pedido-de-extradicao-do-brasil","status":"publish","type":"post","link":"https:\/\/suanoticiaaqui.com.br\/news\/2025\/07\/30\/zambelli-e-detida-na-italia-apos-pedido-de-extradicao-do-brasil\/","title":{"rendered":"Zambelli \u00e9 detida na It\u00e1lia ap\u00f3s pedido de extradi\u00e7\u00e3o do Brasil"},"content":{"rendered":"\n<p>Deputada tem cidadania italiana e aguarda tr\u00e2mites legais; extradi\u00e7\u00e3o ainda n\u00e3o tem data definida<\/p>\n\n\n\n<ul class=\"wp-block-list\">\n<li><a href=\"https:\/\/bradockshow.com.br\/author\/marcotoledo\/\"><\/a>por <a href=\"https:\/\/bradockshow.com.br\/author\/marcotoledo\/\">Marco Toledo<\/a><\/li>\n<\/ul>\n\n\n\n<p>A deputada federal Carla Zambelli (PL-SP) foi localizada e detida pela pol\u00edcia italiana nesta ter\u00e7a-feira (29), em Roma.<\/p>\n\n\n\n<p>Segundo o Minist\u00e9rio da Justi\u00e7a brasileiro, o nome da parlamentar j\u00e1 constava na lista da Interpol, ap\u00f3s decis\u00e3o do STF que determinou pena de 10 anos de pris\u00e3o e perda do mandato, ainda sujeita \u00e0 an\u00e1lise da C\u00e2mara.<\/p>\n\n\n\n<p>Zambelli, que possui cidadania italiana, havia deixado o Brasil em maio, passando pelos Estados Unidos antes de seguir para a It\u00e1lia.<\/p>\n\n\n\n<p>A pris\u00e3o aconteceu ap\u00f3s informa\u00e7\u00f5es prestadas pelo deputado italiano Angelo Bonelli \u00e0s autoridades locais. A extradi\u00e7\u00e3o da parlamentar j\u00e1 havia sido oficialmente solicitada pelo governo brasileiro, mas ainda n\u00e3o h\u00e1 previs\u00e3o para sua eventual transfer\u00eancia.<\/p>\n\n\n\n<p>O caso gira em torno de uma acusa\u00e7\u00e3o ligada \u00e0 invas\u00e3o do sistema do CNJ em 2023, feita por Walter Delgatti. Zambelli sempre negou envolvimento e afirmou confiar na Justi\u00e7a para esclarecer os fatos.<\/p>\n","protected":false},"excerpt":{"rendered":"<p>Deputada tem cidadania italiana e aguarda tr\u00e2mites legais; extradi\u00e7\u00e3o ainda n\u00e3o tem data definida A deputada federal Carla Zambelli (PL-SP)&hellip;<\/p>\n","protected":false},"author":1,"featured_media":7089,"comment_status":"open","ping_status":"open","sticky":false,"template":"","format":"standard","meta":{"footnotes":""},"categories":[1],"tags":[],"class_list":["post-7088","post","type-post","status-publish","format-standard","has-post-thumbnail","hentry","category-uncategorized"],"_links":{"self":[{"href":"https:\/\/suanoticiaaqui.com.br\/news\/wp-json\/wp\/v2\/posts\/7088","targetHints":{"allow":["GET"]}}],"collection":[{"href":"https:\/\/suanoticiaaqui.com.br\/news\/wp-json\/wp\/v2\/posts"}],"about":[{"href":"https:\/\/suanoticiaaqui.com.br\/news\/wp-json\/wp\/v2\/types\/post"}],"author":[{"embeddable":true,"href":"https:\/\/suanoticiaaqui.com.br\/news\/wp-json\/wp\/v2\/users\/1"}],"replies":[{"embeddable":true,"href":"https:\/\/suanoticiaaqui.com.br\/news\/wp-json\/wp\/v2\/comments?post=7088"}],"version-history":[{"count":1,"href":"https:\/\/suanoticiaaqui.com.br\/news\/wp-json\/wp\/v2\/posts\/7088\/revisions"}],"predecessor-version":[{"id":7090,"href":"https:\/\/suanoticiaaqui.com.br\/news\/wp-json\/wp\/v2\/posts\/7088\/revisions\/7090"}],"wp:featuredmedia":[{"embeddable":true,"href":"https:\/\/suanoticiaaqui.com.br\/news\/wp-json\/wp\/v2\/media\/7089"}],"wp:attachment":[{"href":"https:\/\/suanoticiaaqui.com.br\/news\/wp-json\/wp\/v2\/media?parent=7088"}],"wp:term":[{"taxonomy":"category","embeddable":true,"href":"https:\/\/suanoticiaaqui.com.br\/news\/wp-json\/wp\/v2\/categories?post=7088"},{"taxonomy":"post_tag","embeddable":true,"href":"https:\/\/suanoticiaaqui.com.br\/news\/wp-json\/wp\/v2\/tags?post=7088"}],"curies":[{"name":"wp","href":"https:\/\/api.w.org\/{rel}","templated":true}]}}