{"id":7091,"date":"2025-07-30T18:49:17","date_gmt":"2025-07-30T22:49:17","guid":{"rendered":"https:\/\/suanoticiaaqui.com.br\/news\/?p=7091"},"modified":"2025-07-30T18:49:17","modified_gmt":"2025-07-30T22:49:17","slug":"alexandre-de-moraes-e-listado-como-sancionado-pela-ofac","status":"publish","type":"post","link":"https:\/\/suanoticiaaqui.com.br\/news\/2025\/07\/30\/alexandre-de-moraes-e-listado-como-sancionado-pela-ofac\/","title":{"rendered":"Alexandre de Moraes \u00e9 listado como sancionado pela OFAC"},"content":{"rendered":"\n<p>Nome do ministro do STF surge em base oficial de san\u00e7\u00f5es dos EUA<\/p>\n\n\n\n<ul class=\"wp-block-list\">\n<li><a href=\"https:\/\/bradockshow.com.br\/author\/marcotoledo\/\"><\/a>por <a href=\"https:\/\/bradockshow.com.br\/author\/marcotoledo\/\">Marco Toledo<\/a><\/li>\n<\/ul>\n\n\n\n<p>O nome do ministro Alexandre de Moraes j\u00e1 consta como sancionado na lista da OFAC (Office of Foreign Assets Control), \u00f3rg\u00e3o vinculado ao Departamento do Tesouro dos Estados Unidos.<\/p>\n\n\n\n<p>A medida refor\u00e7a o compromisso americano com a defesa das liberdades civis e com o combate a pr\u00e1ticas autorit\u00e1rias, independentemente da posi\u00e7\u00e3o ocupada pelo sancionado.<\/p>\n\n\n\n<p>A OFAC atua globalmente contra viola\u00e7\u00f5es de direitos, corrup\u00e7\u00e3o e abuso de poder, aplicando san\u00e7\u00f5es econ\u00f4micas e restri\u00e7\u00f5es a indiv\u00edduos e entidades que ferem princ\u00edpios democr\u00e1ticos.<\/p>\n\n\n\n<p>Inclus\u00e3o de Moraes reflete a crescente preocupa\u00e7\u00e3o internacional com decis\u00f5es judiciais brasileiras que afrontam garantias fundamentais.<\/p>\n\n\n\n<p>Com o nome na lista, Moraes passa a ter bloqueios em ativos sob jurisdi\u00e7\u00e3o americana, al\u00e9m de enfrentar restri\u00e7\u00f5es de circula\u00e7\u00e3o e de rela\u00e7\u00f5es financeiras. A a\u00e7\u00e3o da OFAC envia um recado claro: nenhum cargo est\u00e1 acima dos valores de liberdade e justi\u00e7a que regem o Ocidente.<\/p>\n","protected":false},"excerpt":{"rendered":"<p>Nome do ministro do STF surge em base oficial de san\u00e7\u00f5es dos EUA O nome do ministro Alexandre de Moraes&hellip;<\/p>\n","protected":false},"author":1,"featured_media":7092,"comment_status":"open","ping_status":"open","sticky":false,"template":"","format":"standard","meta":{"footnotes":""},"categories":[1],"tags":[],"class_list":["post-7091","post","type-post","status-publish","format-standard","has-post-thumbnail","hentry","category-uncategorized"],"_links":{"self":[{"href":"https:\/\/suanoticiaaqui.com.br\/news\/wp-json\/wp\/v2\/posts\/7091","targetHints":{"allow":["GET"]}}],"collection":[{"href":"https:\/\/suanoticiaaqui.com.br\/news\/wp-json\/wp\/v2\/posts"}],"about":[{"href":"https:\/\/suanoticiaaqui.com.br\/news\/wp-json\/wp\/v2\/types\/post"}],"author":[{"embeddable":true,"href":"https:\/\/suanoticiaaqui.com.br\/news\/wp-json\/wp\/v2\/users\/1"}],"replies":[{"embeddable":true,"href":"https:\/\/suanoticiaaqui.com.br\/news\/wp-json\/wp\/v2\/comments?post=7091"}],"version-history":[{"count":1,"href":"https:\/\/suanoticiaaqui.com.br\/news\/wp-json\/wp\/v2\/posts\/7091\/revisions"}],"predecessor-version":[{"id":7093,"href":"https:\/\/suanoticiaaqui.com.br\/news\/wp-json\/wp\/v2\/posts\/7091\/revisions\/7093"}],"wp:featuredmedia":[{"embeddable":true,"href":"https:\/\/suanoticiaaqui.com.br\/news\/wp-json\/wp\/v2\/media\/7092"}],"wp:attachment":[{"href":"https:\/\/suanoticiaaqui.com.br\/news\/wp-json\/wp\/v2\/media?parent=7091"}],"wp:term":[{"taxonomy":"category","embeddable":true,"href":"https:\/\/suanoticiaaqui.com.br\/news\/wp-json\/wp\/v2\/categories?post=7091"},{"taxonomy":"post_tag","embeddable":true,"href":"https:\/\/suanoticiaaqui.com.br\/news\/wp-json\/wp\/v2\/tags?post=7091"}],"curies":[{"name":"wp","href":"https:\/\/api.w.org\/{rel}","templated":true}]}}