{"id":7094,"date":"2025-07-30T18:52:54","date_gmt":"2025-07-30T22:52:54","guid":{"rendered":"https:\/\/suanoticiaaqui.com.br\/news\/?p=7094"},"modified":"2025-07-30T18:52:54","modified_gmt":"2025-07-30T22:52:54","slug":"hospital-de-clinicas-do-parana-realiza-primeira-vaginoplastia-pelo-sus","status":"publish","type":"post","link":"https:\/\/suanoticiaaqui.com.br\/news\/2025\/07\/30\/hospital-de-clinicas-do-parana-realiza-primeira-vaginoplastia-pelo-sus\/","title":{"rendered":"Hospital de Cl\u00ednicas do Paran\u00e1 realiza primeira vaginoplastia pelo SUS"},"content":{"rendered":"\n<p>Procedimento financiado com recursos p\u00fablicos integra pol\u00edtica de \u201cafirma\u00e7\u00e3o de g\u00eanero\u201d<\/p>\n\n\n\n<ul class=\"wp-block-list\">\n<li><a href=\"https:\/\/bradockshow.com.br\/author\/marcotoledo\/\"><\/a>por <a href=\"https:\/\/bradockshow.com.br\/author\/marcotoledo\/\">Marco Toledo<\/a><\/li>\n<\/ul>\n\n\n\n<p>Na \u00faltima sexta-feira (25), o Hospital de Cl\u00ednicas da UFPR realizou a primeira vaginoplastia custeada pelo SUS no Paran\u00e1. A cirurgia, que consiste na constru\u00e7\u00e3o de uma neovagina, foi conduzida pela urologista Natalie Tominaga e durou cerca de seis horas.<\/p>\n\n\n\n<p>O procedimento \u00e9 parte do chamado Processo Transexualizador, mantido com verba p\u00fablica e vinculado \u00e0 rede da Ebserh, estatal ligada ao Minist\u00e9rio da Educa\u00e7\u00e3o.<\/p>\n\n\n\n<p>Desde 2023, o hospital j\u00e1 realizou histerectomias e mastectomias masculinizadoras em pacientes trans, sempre com financiamento do SUS. Agora, busca ampliar essas cirurgias com apoio de secretarias estadual e municipal de sa\u00fade. O hospital tamb\u00e9m criou grupos internos voltados \u00e0 pauta LGBTQIAPN+ e \u00e0 cria\u00e7\u00e3o de protocolos para novos procedimentos.<\/p>\n\n\n\n<p>Enquanto milhares aguardam na fila por cirurgias essenciais e exames b\u00e1sicos, a prioridade do governo se volta a procedimentos ideol\u00f3gicos. O CHC est\u00e1 em processo de habilita\u00e7\u00e3o para captar ainda mais recursos federais destinados a essas a\u00e7\u00f5es.<\/p>\n","protected":false},"excerpt":{"rendered":"<p>Procedimento financiado com recursos p\u00fablicos integra pol\u00edtica de \u201cafirma\u00e7\u00e3o de g\u00eanero\u201d Na \u00faltima sexta-feira (25), o Hospital de Cl\u00ednicas da&hellip;<\/p>\n","protected":false},"author":1,"featured_media":7095,"comment_status":"open","ping_status":"open","sticky":false,"template":"","format":"standard","meta":{"footnotes":""},"categories":[1],"tags":[],"class_list":["post-7094","post","type-post","status-publish","format-standard","has-post-thumbnail","hentry","category-uncategorized"],"_links":{"self":[{"href":"https:\/\/suanoticiaaqui.com.br\/news\/wp-json\/wp\/v2\/posts\/7094","targetHints":{"allow":["GET"]}}],"collection":[{"href":"https:\/\/suanoticiaaqui.com.br\/news\/wp-json\/wp\/v2\/posts"}],"about":[{"href":"https:\/\/suanoticiaaqui.com.br\/news\/wp-json\/wp\/v2\/types\/post"}],"author":[{"embeddable":true,"href":"https:\/\/suanoticiaaqui.com.br\/news\/wp-json\/wp\/v2\/users\/1"}],"replies":[{"embeddable":true,"href":"https:\/\/suanoticiaaqui.com.br\/news\/wp-json\/wp\/v2\/comments?post=7094"}],"version-history":[{"count":1,"href":"https:\/\/suanoticiaaqui.com.br\/news\/wp-json\/wp\/v2\/posts\/7094\/revisions"}],"predecessor-version":[{"id":7096,"href":"https:\/\/suanoticiaaqui.com.br\/news\/wp-json\/wp\/v2\/posts\/7094\/revisions\/7096"}],"wp:featuredmedia":[{"embeddable":true,"href":"https:\/\/suanoticiaaqui.com.br\/news\/wp-json\/wp\/v2\/media\/7095"}],"wp:attachment":[{"href":"https:\/\/suanoticiaaqui.com.br\/news\/wp-json\/wp\/v2\/media?parent=7094"}],"wp:term":[{"taxonomy":"category","embeddable":true,"href":"https:\/\/suanoticiaaqui.com.br\/news\/wp-json\/wp\/v2\/categories?post=7094"},{"taxonomy":"post_tag","embeddable":true,"href":"https:\/\/suanoticiaaqui.com.br\/news\/wp-json\/wp\/v2\/tags?post=7094"}],"curies":[{"name":"wp","href":"https:\/\/api.w.org\/{rel}","templated":true}]}}