{"id":7097,"date":"2025-07-30T18:53:40","date_gmt":"2025-07-30T22:53:40","guid":{"rendered":"https:\/\/suanoticiaaqui.com.br\/news\/?p=7097"},"modified":"2025-07-30T18:53:40","modified_gmt":"2025-07-30T22:53:40","slug":"condenado-a-11-anos-por-furto-extorsao-e-corrupcao-de-menores-e-preso-pelo-sig","status":"publish","type":"post","link":"https:\/\/suanoticiaaqui.com.br\/news\/2025\/07\/30\/condenado-a-11-anos-por-furto-extorsao-e-corrupcao-de-menores-e-preso-pelo-sig\/","title":{"rendered":"Condenado a 11 anos por furto, extors\u00e3o e corrup\u00e7\u00e3o de menores \u00e9 preso pelo SIG"},"content":{"rendered":"\n<ul class=\"wp-block-list\">\n<li>por Luiz Guilherme<\/li>\n<\/ul>\n\n\n\n<p>Agentes do SIG (Setor de Investiga\u00e7\u00f5es Gerais) de Dourados prenderam nesta ter\u00e7a-feira (29\/7), Nilton Cardoso, de 28 anos, condenado no final de 2023 a 11 anos e dez meses de pris\u00e3o por extors\u00e3o, furto qualificado e corrup\u00e7\u00e3o de menores.<\/p>\n\n\n\n<p>O mandado havia sido expedido pela 2\u00aa Vara Criminal.<\/p>\n\n\n\n<p>Nilton, segundo a pol\u00edcia, foi localizado em uma resid\u00eancia no Jardim Monte L\u00edbano, ap\u00f3s passar quase dois anos sendo procurado pelas autoridades.<\/p>\n\n\n\n<p>Ele foi detido e conduzido \u00e0 sede do Setor de Investiga\u00e7\u00f5es Gerais para os procedimentos de praxe e depois ser\u00e1 encaminhado \u00e0 PED (Penitenci\u00e1ria Estadual de Dourados).<\/p>\n","protected":false},"excerpt":{"rendered":"<p>Agentes do SIG (Setor de Investiga\u00e7\u00f5es Gerais) de Dourados prenderam nesta ter\u00e7a-feira (29\/7), Nilton Cardoso, de 28 anos, condenado no&hellip;<\/p>\n","protected":false},"author":1,"featured_media":7098,"comment_status":"open","ping_status":"open","sticky":false,"template":"","format":"standard","meta":{"footnotes":""},"categories":[1],"tags":[],"class_list":["post-7097","post","type-post","status-publish","format-standard","has-post-thumbnail","hentry","category-uncategorized"],"_links":{"self":[{"href":"https:\/\/suanoticiaaqui.com.br\/news\/wp-json\/wp\/v2\/posts\/7097","targetHints":{"allow":["GET"]}}],"collection":[{"href":"https:\/\/suanoticiaaqui.com.br\/news\/wp-json\/wp\/v2\/posts"}],"about":[{"href":"https:\/\/suanoticiaaqui.com.br\/news\/wp-json\/wp\/v2\/types\/post"}],"author":[{"embeddable":true,"href":"https:\/\/suanoticiaaqui.com.br\/news\/wp-json\/wp\/v2\/users\/1"}],"replies":[{"embeddable":true,"href":"https:\/\/suanoticiaaqui.com.br\/news\/wp-json\/wp\/v2\/comments?post=7097"}],"version-history":[{"count":1,"href":"https:\/\/suanoticiaaqui.com.br\/news\/wp-json\/wp\/v2\/posts\/7097\/revisions"}],"predecessor-version":[{"id":7099,"href":"https:\/\/suanoticiaaqui.com.br\/news\/wp-json\/wp\/v2\/posts\/7097\/revisions\/7099"}],"wp:featuredmedia":[{"embeddable":true,"href":"https:\/\/suanoticiaaqui.com.br\/news\/wp-json\/wp\/v2\/media\/7098"}],"wp:attachment":[{"href":"https:\/\/suanoticiaaqui.com.br\/news\/wp-json\/wp\/v2\/media?parent=7097"}],"wp:term":[{"taxonomy":"category","embeddable":true,"href":"https:\/\/suanoticiaaqui.com.br\/news\/wp-json\/wp\/v2\/categories?post=7097"},{"taxonomy":"post_tag","embeddable":true,"href":"https:\/\/suanoticiaaqui.com.br\/news\/wp-json\/wp\/v2\/tags?post=7097"}],"curies":[{"name":"wp","href":"https:\/\/api.w.org\/{rel}","templated":true}]}}