{"id":7100,"date":"2025-07-30T18:54:31","date_gmt":"2025-07-30T22:54:31","guid":{"rendered":"https:\/\/suanoticiaaqui.com.br\/news\/?p=7100"},"modified":"2025-07-30T18:54:31","modified_gmt":"2025-07-30T22:54:31","slug":"sancao-a-moraes-e-alerta-e-pode-inaugurar-nova-serie-de-medidas-afirma-secretario-de-trump","status":"publish","type":"post","link":"https:\/\/suanoticiaaqui.com.br\/news\/2025\/07\/30\/sancao-a-moraes-e-alerta-e-pode-inaugurar-nova-serie-de-medidas-afirma-secretario-de-trump\/","title":{"rendered":"San\u00e7\u00e3o a Moraes \u00e9 alerta e pode inaugurar nova s\u00e9rie de medidas, afirma secret\u00e1rio de Trump"},"content":{"rendered":"\n<p>Rubio destaca que a\u00e7\u00e3o contra ministro do STF visa coibir abusos e refor\u00e7a linha dura do governo Trump<\/p>\n\n\n\n<ul class=\"wp-block-list\">\n<li><a href=\"https:\/\/bradockshow.com.br\/author\/marcotoledo\/\"><\/a>por <a href=\"https:\/\/bradockshow.com.br\/author\/marcotoledo\/\">Marco Toledo<\/a><\/li>\n<\/ul>\n\n\n\n<p>O secret\u00e1rio de Estado dos EUA, Marco Rubio, declarou que a san\u00e7\u00e3o aplicada ao ministro Alexandre de Moraes pelo governo Donald Trump serve como \u201caviso para aqueles que cometem graves viola\u00e7\u00f5es de direitos humanos\u201d.<\/p>\n\n\n\n<p>A fala foi feita nesta quarta-feira (30), ap\u00f3s Moraes ser inclu\u00eddo na lista de sancionados pelo programa Global Magnitsky, do Departamento do Tesouro.<\/p>\n\n\n\n<p>Rubio afirmou que \u201cas togas judiciais n\u00e3o podem proteg\u00ea-los\u201d e destacou o car\u00e1ter dissuas\u00f3rio da medida, que pode abrir caminho para novas san\u00e7\u00f5es. As puni\u00e7\u00f5es incluem congelamento de bens, contas e empresas nos EUA, al\u00e9m de proibi\u00e7\u00e3o de neg\u00f3cios com cidad\u00e3os e institui\u00e7\u00f5es americanas.<\/p>\n\n\n\n<p>Diplomatas avaliam que a decis\u00e3o sinaliza um endurecimento da pol\u00edtica externa de Trump, especialmente em rela\u00e7\u00e3o a autoridades brasileiras.<\/p>\n","protected":false},"excerpt":{"rendered":"<p>Rubio destaca que a\u00e7\u00e3o contra ministro do STF visa coibir abusos e refor\u00e7a linha dura do governo Trump O secret\u00e1rio&hellip;<\/p>\n","protected":false},"author":1,"featured_media":7101,"comment_status":"open","ping_status":"open","sticky":false,"template":"","format":"standard","meta":{"footnotes":""},"categories":[1],"tags":[],"class_list":["post-7100","post","type-post","status-publish","format-standard","has-post-thumbnail","hentry","category-uncategorized"],"_links":{"self":[{"href":"https:\/\/suanoticiaaqui.com.br\/news\/wp-json\/wp\/v2\/posts\/7100","targetHints":{"allow":["GET"]}}],"collection":[{"href":"https:\/\/suanoticiaaqui.com.br\/news\/wp-json\/wp\/v2\/posts"}],"about":[{"href":"https:\/\/suanoticiaaqui.com.br\/news\/wp-json\/wp\/v2\/types\/post"}],"author":[{"embeddable":true,"href":"https:\/\/suanoticiaaqui.com.br\/news\/wp-json\/wp\/v2\/users\/1"}],"replies":[{"embeddable":true,"href":"https:\/\/suanoticiaaqui.com.br\/news\/wp-json\/wp\/v2\/comments?post=7100"}],"version-history":[{"count":1,"href":"https:\/\/suanoticiaaqui.com.br\/news\/wp-json\/wp\/v2\/posts\/7100\/revisions"}],"predecessor-version":[{"id":7102,"href":"https:\/\/suanoticiaaqui.com.br\/news\/wp-json\/wp\/v2\/posts\/7100\/revisions\/7102"}],"wp:featuredmedia":[{"embeddable":true,"href":"https:\/\/suanoticiaaqui.com.br\/news\/wp-json\/wp\/v2\/media\/7101"}],"wp:attachment":[{"href":"https:\/\/suanoticiaaqui.com.br\/news\/wp-json\/wp\/v2\/media?parent=7100"}],"wp:term":[{"taxonomy":"category","embeddable":true,"href":"https:\/\/suanoticiaaqui.com.br\/news\/wp-json\/wp\/v2\/categories?post=7100"},{"taxonomy":"post_tag","embeddable":true,"href":"https:\/\/suanoticiaaqui.com.br\/news\/wp-json\/wp\/v2\/tags?post=7100"}],"curies":[{"name":"wp","href":"https:\/\/api.w.org\/{rel}","templated":true}]}}